{"id":17048,"date":"2020-12-17T04:00:00","date_gmt":"2020-12-17T04:00:00","guid":{"rendered":"https:\/\/www.radiopresidenteibanez.cl\/web\/?p=17048"},"modified":"2020-12-16T19:56:37","modified_gmt":"2020-12-16T19:56:37","slug":"vecinos-de-natales-antiguo-poblacion-estadio-y-equipos-del-quiero-mi-barrio-instalaron-primera-piedra-de-la-obra-de-confianza","status":"publish","type":"post","link":"https:\/\/www.radiopresidenteibanez.cl\/web\/vecinos-de-natales-antiguo-poblacion-estadio-y-equipos-del-quiero-mi-barrio-instalaron-primera-piedra-de-la-obra-de-confianza\/","title":{"rendered":"VECINOS DE NATALES ANTIGUO-POBLACI\u00d3N ESTADIO Y EQUIPOS DEL QUIERO MI BARRIO INSTALARON PRIMERA PIEDRA DE LA OBRA DE CONFIANZA"},"content":{"rendered":"\n<p>Dadas las medidas sanitarias imperantes, un acotado grupo de\nvecinas y vecinos del barrio Natales Antiguo-Poblaci\u00f3n Estadio, instalaron la\nprimera piedra de la Obra de Confianza para el sector, al alero del Programa\nQuiero Mi Barrio del MINVU en alianza con la Ilustre Municipalidad de la\ncomuna.<\/p>\n\n\n\n<p>De esta forma, en un breve pero significativo acto, dieron\nel vamos oficial al inicio de obras de dos paraderos de locomoci\u00f3n colectiva y\ncruces peatonales en calle Rub\u00e9n Dar\u00edo, iniciativa que forma parte de los\nprocesos que involucran la decisi\u00f3n de la comunidad para iniciativas\ncomunitarias, como parte de la metodolog\u00eda participativa del Quiero Mi Barrio.<\/p>\n\n\n\n<p>En la ocasi\u00f3n, los vecinos se reunieron con profesionales de\nla Delegaci\u00f3n Provincial del Serviu, equipos del Programa, tanto del Municipio\ncomo del MINVU y la empresa contratista, que contar\u00e1 con un plazo de 72 d\u00edas\npara llevar a cabo las obras.<\/p>\n\n\n\n<p>Al respecto, el seremi de Vivienda y Urbanismo, Jos\u00e9 Miguel\nHorcos valor\u00f3 el trabajo de Natales Antiguo-Poblaci\u00f3n Estadio, por cuanto \u201cHoy\nd\u00eda iniciamos la Obra de Confianza, y tal como los vecinos dispusieron,\nconstruiremos estos dos paraderos m\u00e1s los cruces peatonales, tambi\u00e9n como un\nprimer detonante de las obras que realizaremos pr\u00f3ximamente en materia de proyectos\nurbanos concebidos en el Plan de Gesti\u00f3n de Obras y de Gesti\u00f3n Social para el\nbarrio, con una inversi\u00f3n del orden de los 700 millones de pesos, que durante\neste y el pr\u00f3ximo a\u00f1o estaremos invirtiendo en el sector, recordando que el\nQuiero Mi Barrio se hace para y con los vecinos\u201d.<\/p>\n\n\n\n<p>De igual manera, la autoridad resalt\u00f3 el compromiso del\nalcalde Fernando Paredes, \u201ccuyo liderazgo ha permitido impulsar junto a sus\nequipos una serie de instancias en conjunto con el Programa Quiero Mi Barrio,\nespecialmente en materia social y de acompa\u00f1amiento a los vecinos y vecinas\ndurante estos meses de pandemia\u201d, tiempo en el que se destacaron iniciativas\ncomo la confecci\u00f3n de m\u00e1s de mil mascarillas protectoras, la campa\u00f1a de\ndecoraci\u00f3n de ventanas \u201cYo Pinto Mi Barrio, Ponle Color\u201d, o \u201cEl Barrio Te\nAbriga\u201d, donde m\u00e1s de 90 personas colaboraron para tejer y confeccionar mantas\nde lana para los adultos mayores m\u00e1s vulnerables.<\/p>\n\n\n\n<p>Destaca en este sentido el trabajo del equipo municipal, que\nha mantenido permanente contacto y v\u00ednculo con los habitantes, entregando\ninformaci\u00f3n durante 9 meses de pandemia sin reuniones presenciales, pero con\nuna serie de actividades que los vecinos valoran, al sentirse apoyados en estas\ninstancias de las que han sido part\u00edcipes,<\/p>\n\n\n\n<p>En cuanto al Plan de Gesti\u00f3n de Obras, se proyecta iniciar\nel proceso de licitaci\u00f3n de las obras comprometidas en el contrato de barrios\npara el primer semestre del 2021, ante la necesidad planteada por los vecinos\nde consolidar \u00e1reas verdes, y el mejoramiento de la circulaci\u00f3n peatonal y\nvehicular en el sector, entre otros.<\/p>\n\n\n\n<p>Si bien esta Obra de Confianza, cuyo monto de contrato\nsupera los 37 millones de pesos, se vio demorada en su inicio producto de la\npandemia, finalmente fue posible iniciar su ejecuci\u00f3n, dando paso al Plan de\nGesti\u00f3n de Obras, que incorporar\u00e1 otras 3 obras de mejoramiento urbano en el\nsector por un monto cercano a los 600 millones de pesos.<\/p>\n","protected":false},"excerpt":{"rendered":"<p>Dadas las medidas sanitarias imperantes, un acotado grupo de vecinas y vecinos del barrio Natales Antiguo-Poblaci\u00f3n Estadio, instalaron la primera piedra de la Obra de Confianza para el sector, al&#8230; <a class=\"read-more\" href=\"https:\/\/www.radiopresidenteibanez.cl\/web\/vecinos-de-natales-antiguo-poblacion-estadio-y-equipos-del-quiero-mi-barrio-instalaron-primera-piedra-de-la-obra-de-confianza\/\">Leer m\u00e1s<\/a><\/p>\n","protected":false},"author":2,"featured_media":17049,"comment_status":"closed","ping_status":"closed","sticky":false,"template":"","format":"standard","meta":{"footnotes":""},"categories":[1],"tags":[],"class_list":["post-17048","post","type-post","status-publish","format-standard","has-post-thumbnail","hentry","category-cronica"],"_links":{"self":[{"href":"https:\/\/www.radiopresidenteibanez.cl\/web\/wp-json\/wp\/v2\/posts\/17048","targetHints":{"allow":["GET"]}}],"collection":[{"href":"https:\/\/www.radiopresidenteibanez.cl\/web\/wp-json\/wp\/v2\/posts"}],"about":[{"href":"https:\/\/www.radiopresidenteibanez.cl\/web\/wp-json\/wp\/v2\/types\/post"}],"author":[{"embeddable":true,"href":"https:\/\/www.radiopresidenteibanez.cl\/web\/wp-json\/wp\/v2\/users\/2"}],"replies":[{"embeddable":true,"href":"https:\/\/www.radiopresidenteibanez.cl\/web\/wp-json\/wp\/v2\/comments?post=17048"}],"version-history":[{"count":0,"href":"https:\/\/www.radiopresidenteibanez.cl\/web\/wp-json\/wp\/v2\/posts\/17048\/revisions"}],"wp:featuredmedia":[{"embeddable":true,"href":"https:\/\/www.radiopresidenteibanez.cl\/web\/wp-json\/wp\/v2\/media\/17049"}],"wp:attachment":[{"href":"https:\/\/www.radiopresidenteibanez.cl\/web\/wp-json\/wp\/v2\/media?parent=17048"}],"wp:term":[{"taxonomy":"category","embeddable":true,"href":"https:\/\/www.radiopresidenteibanez.cl\/web\/wp-json\/wp\/v2\/categories?post=17048"},{"taxonomy":"post_tag","embeddable":true,"href":"https:\/\/www.radiopresidenteibanez.cl\/web\/wp-json\/wp\/v2\/tags?post=17048"}],"curies":[{"name":"wp","href":"https:\/\/api.w.org\/{rel}","templated":true}]}}