{"id":17045,"date":"2020-12-17T03:45:00","date_gmt":"2020-12-17T03:45:00","guid":{"rendered":"https:\/\/www.radiopresidenteibanez.cl\/web\/?p=17045"},"modified":"2020-12-16T19:54:53","modified_gmt":"2020-12-16T19:54:53","slug":"seremi-de-salud-magallanes-informa-nuevas-disposiciones-para-traslados-interprovinciales-e-ingreso-a-la-region","status":"publish","type":"post","link":"https:\/\/www.radiopresidenteibanez.cl\/web\/seremi-de-salud-magallanes-informa-nuevas-disposiciones-para-traslados-interprovinciales-e-ingreso-a-la-region\/","title":{"rendered":"SEREMI DE SALUD MAGALLANES INFORMA NUEVAS DISPOSICIONES PARA TRASLADOS INTERPROVINCIALES E INGRESO A LA REGI\u00d3N"},"content":{"rendered":"\n<p>Desde el s\u00e1bado 12 de\ndiciembre comenzaron a regir para la regi\u00f3n de Magallanes y la Ant\u00e1rtica\nChilena nuevas disposiciones relacionadas con el ingreso a la regi\u00f3n y\ndesplazamiento interprovinciales.<\/p>\n\n\n\n<p>En ese sentido, el Seremi de\nSalud (s) Eduardo Castillo se\u00f1al\u00f3 que las nuevas disposiciones tienen como fin\nfacilitar el trayecto entre provincias&nbsp; y\nhacer un uso&nbsp; eficiente de las jornadas\nde b\u00fasqueda activa de casos, instancias que van dirigidas a personas\nasintom\u00e1ticas. <\/p>\n\n\n\n<p>Para el ingreso a la regi\u00f3n\nlas personas deber\u00e1n presentar un examen PCR negativo para Covid-19, tomada en\nun plazo no superior a 72 horas previas a su ingreso, desde la toma de\nmuestra.&nbsp; Adem\u00e1s de portar pasaporte\nsanitario con vigencia de 24 horas, el cual se puede obtener ingresando a\nwww.c19.cl <\/p>\n\n\n\n<p>Todas las personas que\nacrediten ser residentes de Magallanes, ya sean &nbsp;chilenos o extranjeros podr\u00e1n ingresar sin examen\nde PCR, sin embargo &nbsp;deber\u00e1n dar inicio a\nuna cuarentena de 14 d\u00edas, que puede ser interrumpida ingresando una PCR\nnegativa al sitio web seremisaludmagallanes.cl\/barrera\/. Para tal efecto, la\npersona residente que cumple con cuarentena preventiva, no puede salir del\nhogar por lo que el examen PCR debe ser realizado en domicilio a trav\u00e9s de\nlaboratorio particular. <\/p>\n\n\n\n<p>En tanto, las personas que\nfueron COVID-19 positivo, no se les solicitar\u00e1 resultado de PCR por tres meses,\ndebiendo presentar el certificado de aislamiento que entrega la Autoridad\nSanitaria.<\/p>\n\n\n\n<p>Al respecto la autoridad\nsanitaria enfatiz\u00f3 que: \u201cEl ingreso a la regi\u00f3n de Magallanes en fase 1 \u00f3 2 ,\ndebe responder a una de las siguientes causales: retorno residencia o &nbsp;mudanza, tratamientos m\u00e9dicos, tr\u00e1mites\nfunerarios , trabajos esenciales o casos especiales autorizados por la SEREMI\nde Salud Magallanes a trav\u00e9s del portal seremisaludmagallanes.cl\/barrera\u201d.&nbsp; <\/p>\n\n\n\n<p>Agregando que con respecto a\nlos turistas, \u201cestos podr\u00e1n ingresar&nbsp; a\nla regi\u00f3n si provienen de una comuna de fase 3 y se dirigen a una comuna de\nfase 3, o fases superiores. Para esto, debe presentar una PCR negativa para el\ningreso y pasaporte sanitario\u201d.<\/p>\n\n\n\n<p>Cabe se\u00f1alar que los\nturistas no pueden ingresar a ninguna comuna en fase 1 \u00f3 2, pudiendo cargar\ncombustible, \u201cpero no circular por localidad en cuarentena o en transici\u00f3n\u201d.<\/p>\n\n\n\n<p><strong>Desplazamientos\ninterprovinciales <\/strong><\/p>\n\n\n\n<p>Con respecto&nbsp; a los desplazamientos interprovinciales,&nbsp; desde el s\u00e1bado pasado, dej\u00f3 de regir la\nsolicitud de PCR y &nbsp;ant\u00edgeno para\ntraspasar barreras o cordones sanitarios entre provincias de la regi\u00f3n, como\ntampoco ser\u00e1 exigible el cumplimiento de cuarentena preventiva por\ndesplazamiento. <\/p>\n\n\n\n<p>No obstante, seguir\u00e1 siendo\nrequisito para cruzar estos controles sanitarios las seis causales mencionadas\nanteriormente y especificadas en plataforma de barreras sanitarias. <\/p>\n\n\n\n<p>En tanto, lo que respecta a\nfunciones esenciales se exigir\u00e1 seg\u00fan corresponda: <\/p>\n\n\n\n<p>-Permiso \u00fanico colectivo o\nindividual, que se obtiene en comisaria virtual o en dependencias de\ncarabineros.<\/p>\n\n\n\n<p>-Contrato de trabajo o\ndocumento institucional que acrediten v\u00ednculo laboral.<\/p>\n\n\n\n<p>&#8211; Autorizaci\u00f3n de la\nautoridad sanitaria.<\/p>\n\n\n\n<p>&#8211; En caso de funcionarios\np\u00fablicos C\u00e9dula de Identidad, Cometido funcional y credencial del funcionario<\/p>\n\n\n\n<p>&#8211; Pasaporte Sanitario que se\nobtiene (www.c19.cl)<\/p>\n\n\n\n<p>Para m\u00e1s consultas se puede\ningresar un &nbsp;ticket en p\u00e1gina web\nhaciendo click en el link barreras. <\/p>\n\n\n\n<p>Finalmente, el Seremi (s)\nEduardo Castillo reiter\u00f3 que: \u201cNo olvide que en cualquier fase en que nos\nencontremos siempre debe&nbsp; usar\nmascarilla, mantener la distancia f\u00edsica y recordar medidas como lavado de\nmanos o uso de alcohol gel. No olvidemos que la situaci\u00f3n epidemiol\u00f3gica de la\nregi\u00f3n no puede ser tomada a\u00fan con relajamiento porque todos los d\u00edas tenemos\ncasos nuevos, la positividad es a\u00fan alta y a\u00fan tenemos dificultades con la\ntrazabilidad de los casos positivos que no entregan informaci\u00f3n de todos sus\ncontactos estrechos\u201d. <\/p>\n","protected":false},"excerpt":{"rendered":"<p>Desde el s\u00e1bado 12 de diciembre comenzaron a regir para la regi\u00f3n de Magallanes y la Ant\u00e1rtica Chilena nuevas disposiciones relacionadas con el ingreso a la regi\u00f3n y desplazamiento interprovinciales&#8230;. <a class=\"read-more\" href=\"https:\/\/www.radiopresidenteibanez.cl\/web\/seremi-de-salud-magallanes-informa-nuevas-disposiciones-para-traslados-interprovinciales-e-ingreso-a-la-region\/\">Leer m\u00e1s<\/a><\/p>\n","protected":false},"author":2,"featured_media":17046,"comment_status":"closed","ping_status":"closed","sticky":false,"template":"","format":"standard","meta":{"footnotes":""},"categories":[1],"tags":[],"class_list":["post-17045","post","type-post","status-publish","format-standard","has-post-thumbnail","hentry","category-cronica"],"_links":{"self":[{"href":"https:\/\/www.radiopresidenteibanez.cl\/web\/wp-json\/wp\/v2\/posts\/17045","targetHints":{"allow":["GET"]}}],"collection":[{"href":"https:\/\/www.radiopresidenteibanez.cl\/web\/wp-json\/wp\/v2\/posts"}],"about":[{"href":"https:\/\/www.radiopresidenteibanez.cl\/web\/wp-json\/wp\/v2\/types\/post"}],"author":[{"embeddable":true,"href":"https:\/\/www.radiopresidenteibanez.cl\/web\/wp-json\/wp\/v2\/users\/2"}],"replies":[{"embeddable":true,"href":"https:\/\/www.radiopresidenteibanez.cl\/web\/wp-json\/wp\/v2\/comments?post=17045"}],"version-history":[{"count":0,"href":"https:\/\/www.radiopresidenteibanez.cl\/web\/wp-json\/wp\/v2\/posts\/17045\/revisions"}],"wp:featuredmedia":[{"embeddable":true,"href":"https:\/\/www.radiopresidenteibanez.cl\/web\/wp-json\/wp\/v2\/media\/17046"}],"wp:attachment":[{"href":"https:\/\/www.radiopresidenteibanez.cl\/web\/wp-json\/wp\/v2\/media?parent=17045"}],"wp:term":[{"taxonomy":"category","embeddable":true,"href":"https:\/\/www.radiopresidenteibanez.cl\/web\/wp-json\/wp\/v2\/categories?post=17045"},{"taxonomy":"post_tag","embeddable":true,"href":"https:\/\/www.radiopresidenteibanez.cl\/web\/wp-json\/wp\/v2\/tags?post=17045"}],"curies":[{"name":"wp","href":"https:\/\/api.w.org\/{rel}","templated":true}]}}