{"id":17043,"date":"2020-12-17T03:30:00","date_gmt":"2020-12-17T03:30:00","guid":{"rendered":"https:\/\/www.radiopresidenteibanez.cl\/web\/?p=17043"},"modified":"2020-12-16T19:50:35","modified_gmt":"2020-12-16T19:50:35","slug":"ministro-de-salud-responde-a-inquietudes-del-diputado-boric-sobre-la-contencion-de-la-pandemia-en-la-region-de-magallanes","status":"publish","type":"post","link":"https:\/\/www.radiopresidenteibanez.cl\/web\/ministro-de-salud-responde-a-inquietudes-del-diputado-boric-sobre-la-contencion-de-la-pandemia-en-la-region-de-magallanes\/","title":{"rendered":"MINISTRO DE SALUD RESPONDE A INQUIETUDES DEL DIPUTADO BORIC SOBRE LA CONTENCI\u00d3N DE LA PANDEMIA EN LA REGI\u00d3N DE MAGALLANES"},"content":{"rendered":"\n<p>\n\nEn la comisi\u00f3n de Salud de la C\u00e1mara de Diputados &nbsp;el ministro de Salud, Enrique Paris, dio cuenta de los pasos a seguir en la contenci\u00f3n de la pandemia por Covid-19.<\/p>\n\n\n\n<p>En la comisi\u00f3n, el diputado por Magallanes, Gabriel Boric, le realiz\u00f3 al ministro una serie de preguntas relacionadas con la situaci\u00f3n particular de la regi\u00f3n, especialmente ahora que Punta Arenas comenzar\u00e1 la fase 2, pero Puerto Natales y Puerto Williams contin\u00faan en cuarentena total. \u201cAyer en comisi\u00f3n de Salud le pregunt\u00e9 al ministro de Salud, Enrique Paris, por las especificidades de Magallanes. Porque sabemos que nuestra regi\u00f3n tiene caracter\u00edsticas diferentes al resto del pa\u00eds, que el Plan Paso a Paso no tiene sentido si se utiliza solo de una misma manera a nivel nacional\u201d, indic\u00f3 el parlamentario magall\u00e1nico.&nbsp;<\/p>\n\n\n\n<p>El 17 de noviembre el gremio gastron\u00f3mico y del turismo de la regi\u00f3n le solicit\u00f3 al ministro de Salud, un plan especial de salud para la reapertura, que considerara las diferencias geogr\u00e1ficas y clim\u00e1ticas de Magallanes. \u201cLe pedimos en conjunto con muchos gremios del sector turismo, cultura, gastron\u00f3micos, que se establecieran protocolos especiales para que la apertura progresiva que se vaya realizando pueda funcionar. Sabemos, por ejemplo, que en nuestra regi\u00f3n no sirve de nada poner terrazas producto de las condiciones clim\u00e1ticas, por lo tanto hay que habilitar locales que puedan atender al interior con, por supuesto las medidas de seguridad que sean necesarias\u201d. Ante esto el diputado Boric coment\u00f3 que \u201cle pedimos al ministro que se flexibilizaran &nbsp;las medidas, a lo cual accedi\u00f3 y se va a presentar a la brevedad un plan en esa direcci\u00f3n\u201d.<\/p>\n\n\n\n<p>Otro tema que interesa al diputado Boric es la salud mental de magall\u00e1nicos y magall\u00e1nicas. Psiquiatras y psic\u00f3logos ya han evidenciado los fuertes efectos del confinamiento en la salud mental. Debido al largo confinamiento que tuvo a Punta Arenas durante 17 semanas en cuarentena total, el diputado Boric pregunt\u00f3 cu\u00e1les ser\u00e1n las medidas de la autoridad sanitaria para mitigar los efectos en la salud mental de los habitantes de Magallanes. El ministro de salud indic\u00f3 que se implementar\u00e1 un plan piloto de atenci\u00f3n mental m\u00f3vil en tres regiones del pa\u00eds \u2013aunque no especific\u00f3 cu\u00e1les\u2013, que contar\u00eda con un equipo de salud mental encabezado por psiquiatra, psic\u00f3logo y TENS a domicilio.<\/p>\n\n\n\n<p>Cuando se anunci\u00f3 el avance a paso 2 de Punta Arenas, la subsecretaria de Seguridad P\u00fablica, Katherine Martorell, indic\u00f3 que el esfuerzo ahora deber\u00e1 estar en reforzar la estrategia de Testeo, Trazabilidad y Aislamiento. El diputado Boric le pregunt\u00f3 al ministro &nbsp;qu\u00e9 medidas se tomar\u00e1n para lograr ese objetivo en Magallanes, que hasta el momento no se ha logrado en ninguna otra regi\u00f3n del pa\u00eds y si habr\u00e1 alg\u00fan refuerzo de personal o si se enviar\u00e1n m\u00e1s recursos econ\u00f3micos. El ministro Paris explic\u00f3 que el financiamiento que estaba a cargo del Ministerio de Ciencias, pasar\u00e1 a ser responsabilidad del Ministerio de Salud. A pesar del cambio de financiamiento, la Universidad de Magallanes seguir\u00e1 a cargo del an\u00e1lisis de muestras.<\/p>\n\n\n\n<p>Con respecto a la situaci\u00f3n de los traslados de pacientes graves a otros centros de salud, el diputado Boric manifest\u00f3 su preocupaci\u00f3n al jefe de cartera \u201cpor la posibilidad de continuar con los traslados que han sido tan importante para la contenci\u00f3n de la pandemia en nuestra regi\u00f3n ante el aumento de casos en la Regi\u00f3n Metropolitana y en otra regiones del norte del pa\u00eds, me dijo que eso est\u00e1 hasta ahora asegurado, que tanto aviones de la FACh como aviones de menor envergadura van a estar disponibles para seguir realizando traslados\u201d.\n\n<\/p>\n","protected":false},"excerpt":{"rendered":"<p>En la comisi\u00f3n de Salud de la C\u00e1mara de Diputados &nbsp;el ministro de Salud, Enrique Paris, dio cuenta de los pasos a seguir en la contenci\u00f3n de la pandemia por&#8230; <a class=\"read-more\" href=\"https:\/\/www.radiopresidenteibanez.cl\/web\/ministro-de-salud-responde-a-inquietudes-del-diputado-boric-sobre-la-contencion-de-la-pandemia-en-la-region-de-magallanes\/\">Leer m\u00e1s<\/a><\/p>\n","protected":false},"author":2,"featured_media":14505,"comment_status":"closed","ping_status":"closed","sticky":false,"template":"","format":"standard","meta":{"footnotes":""},"categories":[1],"tags":[],"class_list":["post-17043","post","type-post","status-publish","format-standard","has-post-thumbnail","hentry","category-cronica"],"_links":{"self":[{"href":"https:\/\/www.radiopresidenteibanez.cl\/web\/wp-json\/wp\/v2\/posts\/17043","targetHints":{"allow":["GET"]}}],"collection":[{"href":"https:\/\/www.radiopresidenteibanez.cl\/web\/wp-json\/wp\/v2\/posts"}],"about":[{"href":"https:\/\/www.radiopresidenteibanez.cl\/web\/wp-json\/wp\/v2\/types\/post"}],"author":[{"embeddable":true,"href":"https:\/\/www.radiopresidenteibanez.cl\/web\/wp-json\/wp\/v2\/users\/2"}],"replies":[{"embeddable":true,"href":"https:\/\/www.radiopresidenteibanez.cl\/web\/wp-json\/wp\/v2\/comments?post=17043"}],"version-history":[{"count":0,"href":"https:\/\/www.radiopresidenteibanez.cl\/web\/wp-json\/wp\/v2\/posts\/17043\/revisions"}],"wp:featuredmedia":[{"embeddable":true,"href":"https:\/\/www.radiopresidenteibanez.cl\/web\/wp-json\/wp\/v2\/media\/14505"}],"wp:attachment":[{"href":"https:\/\/www.radiopresidenteibanez.cl\/web\/wp-json\/wp\/v2\/media?parent=17043"}],"wp:term":[{"taxonomy":"category","embeddable":true,"href":"https:\/\/www.radiopresidenteibanez.cl\/web\/wp-json\/wp\/v2\/categories?post=17043"},{"taxonomy":"post_tag","embeddable":true,"href":"https:\/\/www.radiopresidenteibanez.cl\/web\/wp-json\/wp\/v2\/tags?post=17043"}],"curies":[{"name":"wp","href":"https:\/\/api.w.org\/{rel}","templated":true}]}}