{"id":17030,"date":"2020-12-17T02:45:00","date_gmt":"2020-12-17T02:45:00","guid":{"rendered":"https:\/\/www.radiopresidenteibanez.cl\/web\/?p=17030"},"modified":"2020-12-16T14:21:09","modified_gmt":"2020-12-16T14:21:09","slug":"municipalidad-de-natales-anuncia-incremento-de-sueldo-para-los-trabajadores-de-la-atencion-primaria-de-salud","status":"publish","type":"post","link":"https:\/\/www.radiopresidenteibanez.cl\/web\/municipalidad-de-natales-anuncia-incremento-de-sueldo-para-los-trabajadores-de-la-atencion-primaria-de-salud\/","title":{"rendered":"MUNICIPALIDAD DE NATALES ANUNCIA INCREMENTO DE SUELDO PARA LOS TRABAJADORES DE LA ATENCI\u00d3N PRIMARIA DE SALUD"},"content":{"rendered":"\n<p>Los\nfuncionarios del Centro de Salud Familiar Dr. Juan Lozic P\u00e9rez han llevado a\ncabo un arduo trabajo para cubrir las distintas asistencias de salud que\ndemanda la poblaci\u00f3n natalina, desde re acomodar las dependencias del Cesfam\ncon todos los protocolos sanitarios para seguir con las consultas m\u00e9dicas como tambi\u00e9n\ndesplegar un equipo de funcionarios en la v\u00eda p\u00fablica durante todos los d\u00edas de\nla semana para testear a posibles casos de contagio de&nbsp; COVID-19. <\/p>\n\n\n\n<p>El alcalde de\nNatales, Fernando Paredes Mansilla, inform\u00f3 que el esfuerzo que han tenido\nestas personas debe ser recompensado de manera r\u00e1pida, \u201cEl concejo municipal ha\naprobado la carrera &nbsp;funcionaria en las\ndistintas categor\u00edas que tiene la escala de sueldos de los funcionarios de la\natenci\u00f3n primaria de salud de Puerto Natales.\u201d <\/p>\n\n\n\n<p>Por todo lo\nanterior, es que a partir de enero del a\u00f1o 2021 la carrera funcionaria de la Dotaci\u00f3n\nde Salud de atenci\u00f3n primaria municipal, presentar\u00e1 un incremento diferenciado\npor todas las categor\u00edas que la componen, aumentando en un mayor porcentaje las\ncategor\u00edas en funcionarios no profesionales que se desempe\u00f1an en el Cesfam de Puerto\nNatales. <\/p>\n\n\n\n<p>Adem\u00e1s, la\nm\u00e1xima autoridad comunal inform\u00f3 que la salud y bienestar de la poblaci\u00f3n natalina es una\nprioridad, y para eso se debe seguir trabajando para mejorar la calidad de vida\nde los vecinos y vecinas de la comuna, pero esto ser\u00e1 posible entregando un\nmayor apoyo y recursos hacia los&nbsp;\nfuncionarios de la salud y una de esas medidas es mejorando las\ncondiciones laborales.<\/p>\n\n\n\n<p>Finalmente, el\njefe comunal reiter\u00f3 la gran labor que han hecho los distintos trabajadores del\nCentro de Salud Familiar Dr. Juan Lozic P\u00e9rez, \u201cMe gustar\u00eda destacar este\nreconocimiento de la carrera de funcionaria, la cual hace justicia al tremendo\ntrabajo que han hecho todos los funcionarios de la salud primaria de Puerto\nNatales a lo largo de los a\u00f1os en beneficio de nuestra poblaci\u00f3n\u201d. <\/p>\n","protected":false},"excerpt":{"rendered":"<p>Los funcionarios del Centro de Salud Familiar Dr. Juan Lozic P\u00e9rez han llevado a cabo un arduo trabajo para cubrir las distintas asistencias de salud que demanda la poblaci\u00f3n natalina,&#8230; <a class=\"read-more\" href=\"https:\/\/www.radiopresidenteibanez.cl\/web\/municipalidad-de-natales-anuncia-incremento-de-sueldo-para-los-trabajadores-de-la-atencion-primaria-de-salud\/\">Leer m\u00e1s<\/a><\/p>\n","protected":false},"author":2,"featured_media":17031,"comment_status":"closed","ping_status":"closed","sticky":false,"template":"","format":"standard","meta":{"footnotes":""},"categories":[1],"tags":[],"class_list":["post-17030","post","type-post","status-publish","format-standard","has-post-thumbnail","hentry","category-cronica"],"_links":{"self":[{"href":"https:\/\/www.radiopresidenteibanez.cl\/web\/wp-json\/wp\/v2\/posts\/17030","targetHints":{"allow":["GET"]}}],"collection":[{"href":"https:\/\/www.radiopresidenteibanez.cl\/web\/wp-json\/wp\/v2\/posts"}],"about":[{"href":"https:\/\/www.radiopresidenteibanez.cl\/web\/wp-json\/wp\/v2\/types\/post"}],"author":[{"embeddable":true,"href":"https:\/\/www.radiopresidenteibanez.cl\/web\/wp-json\/wp\/v2\/users\/2"}],"replies":[{"embeddable":true,"href":"https:\/\/www.radiopresidenteibanez.cl\/web\/wp-json\/wp\/v2\/comments?post=17030"}],"version-history":[{"count":0,"href":"https:\/\/www.radiopresidenteibanez.cl\/web\/wp-json\/wp\/v2\/posts\/17030\/revisions"}],"wp:featuredmedia":[{"embeddable":true,"href":"https:\/\/www.radiopresidenteibanez.cl\/web\/wp-json\/wp\/v2\/media\/17031"}],"wp:attachment":[{"href":"https:\/\/www.radiopresidenteibanez.cl\/web\/wp-json\/wp\/v2\/media?parent=17030"}],"wp:term":[{"taxonomy":"category","embeddable":true,"href":"https:\/\/www.radiopresidenteibanez.cl\/web\/wp-json\/wp\/v2\/categories?post=17030"},{"taxonomy":"post_tag","embeddable":true,"href":"https:\/\/www.radiopresidenteibanez.cl\/web\/wp-json\/wp\/v2\/tags?post=17030"}],"curies":[{"name":"wp","href":"https:\/\/api.w.org\/{rel}","templated":true}]}}