{"id":17028,"date":"2020-12-17T02:30:00","date_gmt":"2020-12-17T02:30:00","guid":{"rendered":"https:\/\/www.radiopresidenteibanez.cl\/web\/?p=17028"},"modified":"2020-12-16T14:10:19","modified_gmt":"2020-12-16T14:10:19","slug":"gremios-del-turismo-la-gastronomia-y-el-comercio-de-magallanes-se-reuniran-con-ministros-en-la-moneda","status":"publish","type":"post","link":"https:\/\/www.radiopresidenteibanez.cl\/web\/gremios-del-turismo-la-gastronomia-y-el-comercio-de-magallanes-se-reuniran-con-ministros-en-la-moneda\/","title":{"rendered":"GREMIOS DEL TURISMO, LA GASTRONOM\u00cdA Y EL COMERCIO DE MAGALLANES SE REUNIR\u00c1N CON MINISTROS EN LA MONEDA"},"content":{"rendered":"\n<p>Representantes de\n23 gremios de la Regi\u00f3n de Magallanes y la Ant\u00e1rtica Chilena, de los rubros del\nturismo, la gastronom\u00eda y el comercio, viajaron a Santiago para exponer al\ngobierno central sus inquietudes ante la situaci\u00f3n que les ha planteado la\npandemia, luego de nueve largos meses de angustia e incertidumbre por no poder\npercibir ingresos.<\/p>\n\n\n\n<p>La comitiva la integran\nempresas (el 90% de ellas micro y peque\u00f1as) de toda la regi\u00f3n, entre ellas\nquienes formaron parte de los movimientos \u201c#NecesitamosTrabajar\u201d y \u201cMagallanes\nse levanta\u201d, adem\u00e1s para proponer soluciones desde sus experiencias y en el\n\u00e1nimo de lograr el bienestar de todos los habitantes de la regi\u00f3n m\u00e1s austral\nde Chile.<\/p>\n\n\n\n<p>Las reuniones se\nsostendr\u00e1n con los ministros de Salud, Enrique Paris; del Interior, Rodrigo\nDelgado; y Econom\u00eda, Lucas Palacios; con quienes se har\u00e1 especial \u00e9nfasis en\nasuntos como la claridad en la informaci\u00f3n que se entrega por parte de las\nautoridades a todos quienes quieran trabajar, como as\u00ed tambi\u00e9n al apoyo\necon\u00f3mico que recibir\u00e1n para poder volver a sus actividades, entre otros\npuntos.<\/p>\n\n\n\n<p>Jaime Jelincic Aguilar,\npresidente de movimiento gremial Magallanes se Levanta, enfatiz\u00f3 que, si bien\nes muy importante que Punta Arenas avance a la Fase 2, tambi\u00e9n lo ser\u00eda para\nPuerto Natales. <\/p>\n\n\n\n<p>\u201cEsta apertura\ntiene que traducirse en beneficios reales y adecuaci\u00f3n para que las personas,\nfundamentalmente los trabajadores independientes de los rubros que han estado\ncerrados, que les permita iniciar un proceso de reactivaci\u00f3n\u201d, continu\u00f3\nexplicando el l\u00edder sectorial, y agreg\u00f3 como tercer punto que todos los\nsectores deben tener las mismas oportunidades y que \u201cno es razonable\u201d que unos\ntengan m\u00e1s restricciones que otros.<\/p>\n\n\n\n<p>Otro aspecto que Jelincic\ndestac\u00f3 como fundamental que \u201cpara que las empresas vuelvan a funcionar requieren\nde apoyo econ\u00f3mico y financiero adecuado\u201d para las caracter\u00edsticas de cada una\nde ellas.<\/p>\n\n\n\n<p>Pilar Irribarra Baranda,\npresidenta de la C\u00e1mara de Turismo de \u00daltima Esperanza, explic\u00f3 que esperan \u201cencontrar\nen las reuniones en La Moneda el apoyo y financiamiento que nos ayuden a\nresistir y en conjunto con las autoridades acordar la manera de reactivar la\nactividad tur\u00edstica de manera responsable y el uso de los protocolos, lo antes\nposible. Esperamos ser escuchados y volver con buenas noticias para la regi\u00f3n\u201d.<\/p>\n\n\n\n<p>Adriana Aguilar,\nvocera del movimiento #NecesitamosTrabajar, dijo que \u201cse plantear\u00e1 la mirada\nmagall\u00e1nica en busca de herramientas que permitan recuperar los puestos de\ntrabajo y generar fuentes de ingresos para colaboradores de empresas y personas\nque trabajan en forma independiente, tambi\u00e9n se reforzar\u00e1 la necesidad de\nfinanciamiento y apoyo econ\u00f3mico para las micro y peque\u00f1as empresas. Se espera\ncomo resultado del viaje gestiones \u00e1giles por parte de las autoridades\nnacionales y respuesta r\u00e1pidas que permitan noticias favorables para \u00daltima\nEsperanza\u201d.<\/p>\n\n\n\n<p>Los gremios y\nasociaciones representadas son las siguientes:<\/p>\n\n\n\n<p>1. C\u00e1mara de Turismo de \u00daltima\nEsperanza A.G.<\/p>\n\n\n\n<p>2.&nbsp;Asociaci\u00f3n Gremial de\nHostales, Residenciales y Servicios Tur\u00edsticos<\/p>\n\n\n\n<p>3.&nbsp;Asociaci\u00f3n Gremial de\nGu\u00edas Tur\u00edsticos Locales de Puerto Natales<\/p>\n\n\n\n<p>4.&nbsp;Asociaci\u00f3n Gremial Pueblo\nArtesanal Etherh Aike<\/p>\n\n\n\n<p>5.&nbsp;Asociaci\u00f3n Gremial\nMujeres Patagonas<\/p>\n\n\n\n<p>6.&nbsp;Agrupaci\u00f3n de\nTransportistas de Turismo de \u00daltima Esperanza<\/p>\n\n\n\n<p>7.&nbsp;Asociaci\u00f3n Agrupaci\u00f3n\nBarrios Comerciales Natalis<\/p>\n\n\n\n<p>8.&nbsp;C\u00e1mara de Comercio\nDetallista y Turismo A.G.<\/p>\n\n\n\n<p>9. Barrio Comercial 25 de Octubre<\/p>\n\n\n\n<p>10.&nbsp;AG de Hoteleros y\nServicios Tur\u00edsticos de Torres del Paine A.G. (HYST)<\/p>\n\n\n\n<p>11. Asociaci\u00f3n gremial de Hostels\ny Afines Natales<\/p>\n\n\n\n<p>12.&nbsp;C\u00e1mara de Operadores\nTur\u00edsticos y Agencias Locales U.E. (COTA)<\/p>\n\n\n\n<p>13. Asociaci\u00f3n de Gu\u00edas de\nMagallanes A.G.<\/p>\n\n\n\n<p>14. Asociaci\u00f3n de Gu\u00edas Pesca con\nMosca A.G.<\/p>\n\n\n\n<p>15. Asociacion de Gu\u00edas de Tierra\ndel Fuego<\/p>\n\n\n\n<p>16. Asociacion Gastron\u00f3mica de\nPunta Arenas (GASTRO PUQ) A.G.<\/p>\n\n\n\n<p>17. Asociacion de Alojamientos\nTur\u00edsticos (ASATUR) A.G.<\/p>\n\n\n\n<p>18. Camara Turismo Timaukel\nTierra Del Fuego A.G.<\/p>\n\n\n\n<p>19. Camara de Turismo AutroChile\nA.G.<\/p>\n\n\n\n<p>20. Uni\u00f3n de Comerciantes, Artesanos\ny Artistas de Magallanes (UCAAM)<\/p>\n\n\n\n<p>21. ASODUCAM A.G.<\/p>\n\n\n\n<p>22. Asociacion Ejecutivas y\nEmpresarias Turisticas (ASEET) Magallanes y Ant\u00e1rtica Chilena<\/p>\n\n\n\n<p>23. Asociacion Gremial de\nTrabajadores de las artes y Espectaculos (AGTAE)<\/p>\n","protected":false},"excerpt":{"rendered":"<p>Representantes de 23 gremios de la Regi\u00f3n de Magallanes y la Ant\u00e1rtica Chilena, de los rubros del turismo, la gastronom\u00eda y el comercio, viajaron a Santiago para exponer al gobierno&#8230; <a class=\"read-more\" href=\"https:\/\/www.radiopresidenteibanez.cl\/web\/gremios-del-turismo-la-gastronomia-y-el-comercio-de-magallanes-se-reuniran-con-ministros-en-la-moneda\/\">Leer m\u00e1s<\/a><\/p>\n","protected":false},"author":2,"featured_media":740,"comment_status":"closed","ping_status":"closed","sticky":false,"template":"","format":"standard","meta":{"footnotes":""},"categories":[1],"tags":[],"class_list":["post-17028","post","type-post","status-publish","format-standard","has-post-thumbnail","hentry","category-cronica"],"_links":{"self":[{"href":"https:\/\/www.radiopresidenteibanez.cl\/web\/wp-json\/wp\/v2\/posts\/17028","targetHints":{"allow":["GET"]}}],"collection":[{"href":"https:\/\/www.radiopresidenteibanez.cl\/web\/wp-json\/wp\/v2\/posts"}],"about":[{"href":"https:\/\/www.radiopresidenteibanez.cl\/web\/wp-json\/wp\/v2\/types\/post"}],"author":[{"embeddable":true,"href":"https:\/\/www.radiopresidenteibanez.cl\/web\/wp-json\/wp\/v2\/users\/2"}],"replies":[{"embeddable":true,"href":"https:\/\/www.radiopresidenteibanez.cl\/web\/wp-json\/wp\/v2\/comments?post=17028"}],"version-history":[{"count":0,"href":"https:\/\/www.radiopresidenteibanez.cl\/web\/wp-json\/wp\/v2\/posts\/17028\/revisions"}],"wp:featuredmedia":[{"embeddable":true,"href":"https:\/\/www.radiopresidenteibanez.cl\/web\/wp-json\/wp\/v2\/media\/740"}],"wp:attachment":[{"href":"https:\/\/www.radiopresidenteibanez.cl\/web\/wp-json\/wp\/v2\/media?parent=17028"}],"wp:term":[{"taxonomy":"category","embeddable":true,"href":"https:\/\/www.radiopresidenteibanez.cl\/web\/wp-json\/wp\/v2\/categories?post=17028"},{"taxonomy":"post_tag","embeddable":true,"href":"https:\/\/www.radiopresidenteibanez.cl\/web\/wp-json\/wp\/v2\/tags?post=17028"}],"curies":[{"name":"wp","href":"https:\/\/api.w.org\/{rel}","templated":true}]}}