{"id":17025,"date":"2020-12-17T02:15:00","date_gmt":"2020-12-17T02:15:00","guid":{"rendered":"https:\/\/www.radiopresidenteibanez.cl\/web\/?p=17025"},"modified":"2020-12-16T14:00:18","modified_gmt":"2020-12-16T14:00:18","slug":"comenzo-la-veda-de-la-centolla-recurso-emblematico-de-la-region-de-los-rios-los-lagos-y-magallanes-y-antartica-chilena","status":"publish","type":"post","link":"https:\/\/www.radiopresidenteibanez.cl\/web\/comenzo-la-veda-de-la-centolla-recurso-emblematico-de-la-region-de-los-rios-los-lagos-y-magallanes-y-antartica-chilena\/","title":{"rendered":"COMENZ\u00d3 LA VEDA DE LA CENTOLLA, RECURSO EMBLEM\u00c1TICO DE LA REGI\u00d3N DE LOS R\u00cdOS, LOS LAGOS Y MAGALLANES Y ANT\u00c1RTICA CHILENA"},"content":{"rendered":"\n<p>Para proteger la reproducci\u00f3n de esta especie, cada a\u00f1o se decreta una veda biol\u00f3gica. Sin embargo, de acuerdo a los Decretos exentos &nbsp;103 y 104 de fecha 16\/11\/2020 de la Subsecretar\u00eda de Pesca y Acuicultura, este a\u00f1o, para algunas regiones, la veda comenz\u00f3 15 d\u00edas desfasados y por lo tanto, terminar\u00e1 15 d\u00edas despu\u00e9s de la fecha original, es decir, que la veda ser\u00e1 desde el 15 de diciembre del 2020 hasta el 15 de julio del 2021, en la Regi\u00f3n de Magallanes y desde el 15 de diciembre del 2020 hasta el 15 de febrero del 2021 para las regiones de Los R\u00edos y Los Lagos. En tanto para la Regi\u00f3n de Ays\u00e9n, la veda&nbsp; se mantiene entre el 01 de diciembre y el 30 de junio del a\u00f1o 2021.<\/p>\n\n\n\n<p>Esta veda biol\u00f3gica proh\u00edbe la extracci\u00f3n, tenencia, posesi\u00f3n, comercializaci\u00f3n, procesamiento, almacenamiento, apozamiento y transporte del recurso centolla. Lo anterior a objeto de protegerlo durante su per\u00edodo de reproducci\u00f3n.<\/p>\n\n\n\n<p>Con el objetivo de evitar la sobreexplotaci\u00f3n de esta y otras especies, el Servicio Nacional de Pesca y Acuicultura ha implementado una serie de recursos tecnol\u00f3gicos para focalizar la fiscalizaci\u00f3n en aquellos lugares y zonas donde es m\u00e1s probable que se est\u00e9n cometiendo irregularidades. Todo esto para asegurar la sustentabilidad del recurso y que prevalezca en el tiempo para su extracci\u00f3n en los pr\u00f3ximos a\u00f1os.&nbsp;<\/p>\n\n\n\n<p>Parte importante de ese cuidado tiene que ver con las vedas, de modo que no se explote el recurso en el momento en que se est\u00e1 reproduciendo. S\u00f3lo as\u00ed es posible proteger la riqueza de nuestro mar para las futuras generaciones.<\/p>\n\n\n\n<p>Es importante recalcar que la veda se refiere a la extracci\u00f3n de centolla, y no a su consumo. Tal como ocurre con otras especies, el producto se puede seguir comercializando si fue capturado antes de la veda. Es decir, es posible vender y comprar centolla congelada, cuyo origen legal ha sido acreditado por el Servicio Nacional de Pesca y Acuicultura. Del mismo modo, existe un plazo limitado para el desembarque de las naves que se encuentren en faenas de pesca sobre esta especie antes del inicio de la veda, el que depender\u00e1 de la realidad local de las flotas comprometidas en dicha actividad.<\/p>\n\n\n\n<p>Para denuncias, la ciudadan\u00eda puede llamar a la l\u00ednea 800 320 032 del Sernapesca o entregar informaci\u00f3n a trav\u00e9s de las redes sociales de Facebook, Instagram y Twitter.<\/p>\n","protected":false},"excerpt":{"rendered":"<p>Para proteger la reproducci\u00f3n de esta especie, cada a\u00f1o se decreta una veda biol\u00f3gica. Sin embargo, de acuerdo a los Decretos exentos &nbsp;103 y 104 de fecha 16\/11\/2020 de la&#8230; <a class=\"read-more\" href=\"https:\/\/www.radiopresidenteibanez.cl\/web\/comenzo-la-veda-de-la-centolla-recurso-emblematico-de-la-region-de-los-rios-los-lagos-y-magallanes-y-antartica-chilena\/\">Leer m\u00e1s<\/a><\/p>\n","protected":false},"author":2,"featured_media":17026,"comment_status":"closed","ping_status":"closed","sticky":false,"template":"","format":"standard","meta":{"footnotes":""},"categories":[1],"tags":[],"class_list":["post-17025","post","type-post","status-publish","format-standard","has-post-thumbnail","hentry","category-cronica"],"_links":{"self":[{"href":"https:\/\/www.radiopresidenteibanez.cl\/web\/wp-json\/wp\/v2\/posts\/17025","targetHints":{"allow":["GET"]}}],"collection":[{"href":"https:\/\/www.radiopresidenteibanez.cl\/web\/wp-json\/wp\/v2\/posts"}],"about":[{"href":"https:\/\/www.radiopresidenteibanez.cl\/web\/wp-json\/wp\/v2\/types\/post"}],"author":[{"embeddable":true,"href":"https:\/\/www.radiopresidenteibanez.cl\/web\/wp-json\/wp\/v2\/users\/2"}],"replies":[{"embeddable":true,"href":"https:\/\/www.radiopresidenteibanez.cl\/web\/wp-json\/wp\/v2\/comments?post=17025"}],"version-history":[{"count":0,"href":"https:\/\/www.radiopresidenteibanez.cl\/web\/wp-json\/wp\/v2\/posts\/17025\/revisions"}],"wp:featuredmedia":[{"embeddable":true,"href":"https:\/\/www.radiopresidenteibanez.cl\/web\/wp-json\/wp\/v2\/media\/17026"}],"wp:attachment":[{"href":"https:\/\/www.radiopresidenteibanez.cl\/web\/wp-json\/wp\/v2\/media?parent=17025"}],"wp:term":[{"taxonomy":"category","embeddable":true,"href":"https:\/\/www.radiopresidenteibanez.cl\/web\/wp-json\/wp\/v2\/categories?post=17025"},{"taxonomy":"post_tag","embeddable":true,"href":"https:\/\/www.radiopresidenteibanez.cl\/web\/wp-json\/wp\/v2\/tags?post=17025"}],"curies":[{"name":"wp","href":"https:\/\/api.w.org\/{rel}","templated":true}]}}