{"id":17012,"date":"2020-12-16T04:00:00","date_gmt":"2020-12-16T04:00:00","guid":{"rendered":"https:\/\/www.radiopresidenteibanez.cl\/web\/?p=17012"},"modified":"2020-12-15T23:50:37","modified_gmt":"2020-12-15T23:50:37","slug":"3-710-millones-fueron-destinados-para-restauracion-y-normalizacion-de-la-primera-compania-de-bomberos-punta-arenas","status":"publish","type":"post","link":"https:\/\/www.radiopresidenteibanez.cl\/web\/3-710-millones-fueron-destinados-para-restauracion-y-normalizacion-de-la-primera-compania-de-bomberos-punta-arenas\/","title":{"rendered":"3.710 MILLONES FUERON DESTINADOS PARA RESTAURACI\u00d3N Y NORMALIZACI\u00d3N DE LA PRIMERA COMPA\u00d1\u00cdA DE BOMBEROS PUNTA ARENAS"},"content":{"rendered":"\n<p>Por unanimidad el Consejo\nRegional de Magallanes y de la Ant\u00e1rtica Chilena aprob\u00f3 este lunes 3.710\nmillones 461 mil pesos provenientes de las arcar regionales para la ejecuci\u00f3n\ndel proyecto \u201cRestauraci\u00f3n y Normalizaci\u00f3n de la Primera Compa\u00f1\u00eda de Bomberos Punta\nArenas\u201d. <\/p>\n\n\n\n<p>Seg\u00fan lo explicado en el\ntrabajo de las comisiones, esta iniciativa&nbsp;\ncontempla la habilitaci\u00f3n del cuartel de la Primera Compa\u00f1\u00eda de Bomberos\nque data del a\u00f1o 1890 el cual presenta diversas fallas estructurales y est\u00e1\nfuera de norma. Las obras comprenden la intervenci\u00f3n de una superficie 1.773 &nbsp;m2, se debe considerar que el dise\u00f1o fue\nabordado con criterios para la intervenci\u00f3n de inmuebles patrimoniales y cuenta\ncon la aprobaci\u00f3n del Consejo de Monumentos Nacionales.<\/p>\n\n\n\n<p>El presidente de la comisi\u00f3n\nPresupuesto, Ram\u00f3n Lobos, coment\u00f3 que en el trabajo de comisiones junto a\nBomberos, se acord\u00f3 generar una pr\u00f3xima reuni\u00f3n con el objetivo de organizar de\nmejor forma la distribuci\u00f3n espacial de los cuarteles y los sectores en que\ndesarrollan su labor.<\/p>\n\n\n\n<p>\u201cCreo que es el momento de\nsentarse con Bomberos, el municipio y todos los actores involucrados a fin de\nlograr hacer una suerte de convenio y regularizar los distintos aportes y como\nse buscan aportes de las empresas privadas. Ver c\u00f3mo se va a planificar a\nfuturo y so\u00f1ar respecto a la labor que debe cumplir el Estado en cuanto al\nrespaldo que otorga a Bomberos\u201d, detall\u00f3 el consejero Lobos. <\/p>\n\n\n\n<p>En la oportunidad tambi\u00e9n\nfueron sancionados 79 millones 417 mil pesos con cargo al proceso presupuestario FNDR 2020<strong> <\/strong>para el dise\u00f1o de la<strong> \u201c<\/strong>Reposici\u00f3n\nde la Primera Compa\u00f1\u00eda de Bomberos Puerto Natales\u201d. <strong><\/strong><\/p>\n\n\n\n<p>Se\ntrata de un proyecto anhelado ya que las instalaciones de la primera compa\u00f1\u00eda cumplieron\ncon su vida \u00fatil y concluida esta etapa se podr\u00e1 contar con el dise\u00f1o de\narquitectura y especialidades para la reposici\u00f3n del cuartel.<\/p>\n\n\n\n<p>La consejera de la provincia\n\u00daltima Esperanza, Yammy Warner, tras emitir su voto favorable expres\u00f3 \u201choy es\nel dise\u00f1o pero se trata de un tremendo paso, m\u00e1s aun considerando las\nnecesidades que presenta el cuerpo de Bomberos. Quisiera destacar el tremendo\ntrabajo que realiza esta instituci\u00f3n ya que no solo combaten el fuego, es\nindimensionable su labor y espero que al m\u00e1s corto plazo veamos materializado\neste cuartel y que cumpla con las necesidades que tienen los sesenta\nvoluntarios que all\u00ed se desempe\u00f1an\u201d, concluy\u00f3 la consejera regional.<\/p>\n","protected":false},"excerpt":{"rendered":"<p>Por unanimidad el Consejo Regional de Magallanes y de la Ant\u00e1rtica Chilena aprob\u00f3 este lunes 3.710 millones 461 mil pesos provenientes de las arcar regionales para la ejecuci\u00f3n del proyecto&#8230; <a class=\"read-more\" href=\"https:\/\/www.radiopresidenteibanez.cl\/web\/3-710-millones-fueron-destinados-para-restauracion-y-normalizacion-de-la-primera-compania-de-bomberos-punta-arenas\/\">Leer m\u00e1s<\/a><\/p>\n","protected":false},"author":2,"featured_media":17013,"comment_status":"closed","ping_status":"closed","sticky":false,"template":"","format":"standard","meta":{"footnotes":""},"categories":[1],"tags":[],"class_list":["post-17012","post","type-post","status-publish","format-standard","has-post-thumbnail","hentry","category-cronica"],"_links":{"self":[{"href":"https:\/\/www.radiopresidenteibanez.cl\/web\/wp-json\/wp\/v2\/posts\/17012","targetHints":{"allow":["GET"]}}],"collection":[{"href":"https:\/\/www.radiopresidenteibanez.cl\/web\/wp-json\/wp\/v2\/posts"}],"about":[{"href":"https:\/\/www.radiopresidenteibanez.cl\/web\/wp-json\/wp\/v2\/types\/post"}],"author":[{"embeddable":true,"href":"https:\/\/www.radiopresidenteibanez.cl\/web\/wp-json\/wp\/v2\/users\/2"}],"replies":[{"embeddable":true,"href":"https:\/\/www.radiopresidenteibanez.cl\/web\/wp-json\/wp\/v2\/comments?post=17012"}],"version-history":[{"count":0,"href":"https:\/\/www.radiopresidenteibanez.cl\/web\/wp-json\/wp\/v2\/posts\/17012\/revisions"}],"wp:featuredmedia":[{"embeddable":true,"href":"https:\/\/www.radiopresidenteibanez.cl\/web\/wp-json\/wp\/v2\/media\/17013"}],"wp:attachment":[{"href":"https:\/\/www.radiopresidenteibanez.cl\/web\/wp-json\/wp\/v2\/media?parent=17012"}],"wp:term":[{"taxonomy":"category","embeddable":true,"href":"https:\/\/www.radiopresidenteibanez.cl\/web\/wp-json\/wp\/v2\/categories?post=17012"},{"taxonomy":"post_tag","embeddable":true,"href":"https:\/\/www.radiopresidenteibanez.cl\/web\/wp-json\/wp\/v2\/tags?post=17012"}],"curies":[{"name":"wp","href":"https:\/\/api.w.org\/{rel}","templated":true}]}}