{"id":17009,"date":"2020-12-16T03:45:00","date_gmt":"2020-12-16T03:45:00","guid":{"rendered":"https:\/\/www.radiopresidenteibanez.cl\/web\/?p=17009"},"modified":"2020-12-15T23:49:00","modified_gmt":"2020-12-15T23:49:00","slug":"core-aprueba-recursos-para-sistema-de-agua-potable-y-construccion-de-alcantarillado-y-tratamiento-aguas-servidas-en-villa-cameron","status":"publish","type":"post","link":"https:\/\/www.radiopresidenteibanez.cl\/web\/core-aprueba-recursos-para-sistema-de-agua-potable-y-construccion-de-alcantarillado-y-tratamiento-aguas-servidas-en-villa-cameron\/","title":{"rendered":"CORE APRUEBA RECURSOS PARA SISTEMA DE AGUA POTABLE Y CONSTRUCCI\u00d3N DE ALCANTARILLADO Y TRATAMIENTO AGUAS SERVIDAS EN VILLA CAMERON"},"content":{"rendered":"\n<p>El Consejo Regional de Magallanes y de la\nAnt\u00e1rtica Chilena aprob\u00f3 este lunes un total de 1.627 millones para los\nproyectos \u201cReposici\u00f3n Sistema de Abastecimiento Agua Potable Rural\u201d y \u201cConstrucci\u00f3n\nAlcantarillado y Tratamiento Aguas Servidas\u201d, ambos en Villa Cameron comuna de\nTimaukel. <\/p>\n\n\n\n<p>Seg\u00fan lo explicado en el trabajo de comisiones,\nestas iniciativas impulsadas por el municipio de Timaukel buscan mejorar las\ncondiciones b\u00e1sicas de vida de los habitantes de villa Cameron ya que en la\nactualidad la comunidad se &nbsp;provee de\nagua potable a partir de un estanque peque\u00f1o que regula las aguas provenientes desde\nun captaci\u00f3n superficial y cuyo principal tratamiento corresponde a la inyecci\u00f3n\nde cloro para hacerla potable, &nbsp;sistema que\ndata de los a\u00f1os 80 y no da abasto para las actuales instalaciones y viviendas.\n&nbsp;Por otro lado, el poblado no cuenta con\nun sistema de recolecci\u00f3n de aguas servidas o alcantarillado y para cada una de\nlas dependencias de la villa se tienen soluciones individuales para la\nrecolecci\u00f3n y acumulaci\u00f3n de aguas servidas, tratamiento en base a fosas\ns\u00e9pticas que a lo largo de los a\u00f1os presenta problemas debido al aumento de\ninfraestructura sanitaria. <\/p>\n\n\n\n<p>En la oportunidad, el consejero representante de\nla provincia Tierra del Fuego, Andr\u00e9s L\u00f3pez, expres\u00f3 su satisfacci\u00f3n por el\nrespaldo un\u00e1nime del CORE y felicit\u00f3 al alcalde Marcos Martic y su equipo de\ntrabajo \u201cse trata de una cifra hist\u00f3rica de recursos FNDR aprobados para esta\ncomuna. Quiz\u00e1 resulte complicado entender que hoy en d\u00eda a\u00fan existen\ncomunidades que no cuenta con agua potable ni alcantarillado pero as\u00ed es. El\nagua es un derecho y la construcci\u00f3n de alcantarillado contribuye&nbsp; al cuidado del medio ambiente en una zona tan\nbonita como lo es el sur de Tierra del Fuego\u201d, afirm\u00f3. <\/p>\n\n\n\n<p>Asimismo su par, el consejero Manuel Lonc\u00f3n, se\nmostr\u00f3 emocionado por esta aprobaci\u00f3n \u201cquiero destacar el trabajo del alcalde\nMartic y el municipio que han llevado adelante iniciativas que sin duda &nbsp;mejoran la calidad de vida de los vecinos y\npermiten cuidar el medio ambiente\u201d, concluy\u00f3.&nbsp;\n<\/p>\n","protected":false},"excerpt":{"rendered":"<p>El Consejo Regional de Magallanes y de la Ant\u00e1rtica Chilena aprob\u00f3 este lunes un total de 1.627 millones para los proyectos \u201cReposici\u00f3n Sistema de Abastecimiento Agua Potable Rural\u201d y \u201cConstrucci\u00f3n&#8230; <a class=\"read-more\" href=\"https:\/\/www.radiopresidenteibanez.cl\/web\/core-aprueba-recursos-para-sistema-de-agua-potable-y-construccion-de-alcantarillado-y-tratamiento-aguas-servidas-en-villa-cameron\/\">Leer m\u00e1s<\/a><\/p>\n","protected":false},"author":2,"featured_media":17010,"comment_status":"closed","ping_status":"closed","sticky":false,"template":"","format":"standard","meta":{"footnotes":""},"categories":[1],"tags":[],"class_list":["post-17009","post","type-post","status-publish","format-standard","has-post-thumbnail","hentry","category-cronica"],"_links":{"self":[{"href":"https:\/\/www.radiopresidenteibanez.cl\/web\/wp-json\/wp\/v2\/posts\/17009","targetHints":{"allow":["GET"]}}],"collection":[{"href":"https:\/\/www.radiopresidenteibanez.cl\/web\/wp-json\/wp\/v2\/posts"}],"about":[{"href":"https:\/\/www.radiopresidenteibanez.cl\/web\/wp-json\/wp\/v2\/types\/post"}],"author":[{"embeddable":true,"href":"https:\/\/www.radiopresidenteibanez.cl\/web\/wp-json\/wp\/v2\/users\/2"}],"replies":[{"embeddable":true,"href":"https:\/\/www.radiopresidenteibanez.cl\/web\/wp-json\/wp\/v2\/comments?post=17009"}],"version-history":[{"count":0,"href":"https:\/\/www.radiopresidenteibanez.cl\/web\/wp-json\/wp\/v2\/posts\/17009\/revisions"}],"wp:featuredmedia":[{"embeddable":true,"href":"https:\/\/www.radiopresidenteibanez.cl\/web\/wp-json\/wp\/v2\/media\/17010"}],"wp:attachment":[{"href":"https:\/\/www.radiopresidenteibanez.cl\/web\/wp-json\/wp\/v2\/media?parent=17009"}],"wp:term":[{"taxonomy":"category","embeddable":true,"href":"https:\/\/www.radiopresidenteibanez.cl\/web\/wp-json\/wp\/v2\/categories?post=17009"},{"taxonomy":"post_tag","embeddable":true,"href":"https:\/\/www.radiopresidenteibanez.cl\/web\/wp-json\/wp\/v2\/tags?post=17009"}],"curies":[{"name":"wp","href":"https:\/\/api.w.org\/{rel}","templated":true}]}}