{"id":16999,"date":"2020-12-16T03:15:00","date_gmt":"2020-12-16T03:15:00","guid":{"rendered":"https:\/\/www.radiopresidenteibanez.cl\/web\/?p=16999"},"modified":"2020-12-15T23:37:50","modified_gmt":"2020-12-15T23:37:50","slug":"los-cambios-para-la-actividad-fisica-y-deporte-en-la-fase-2-del-plan-paso-a-paso","status":"publish","type":"post","link":"https:\/\/www.radiopresidenteibanez.cl\/web\/los-cambios-para-la-actividad-fisica-y-deporte-en-la-fase-2-del-plan-paso-a-paso\/","title":{"rendered":"LOS CAMBIOS PARA LA ACTIVIDAD F\u00cdSICA Y DEPORTE EN LA FASE 2 DEL PLAN PASO A PASO"},"content":{"rendered":"\n<p>El anuncio del avance a Fase 2 en Punta Arenas trae cambios para la pr\u00e1ctica\nde actividad f\u00edsica y deporte, permitiendo que desde este jueves 17 de\nseptiembre, cuando comience a regir la etapa de Transici\u00f3n del Plan Paso a\nPaso, se puedan realizar actividades deportivas al aire libre. <\/p>\n\n\n\n<p>En la etapa 2, la de Preparaci\u00f3n, est\u00e1 permitido la actividad f\u00edsica al\naire libre y en espacios abiertos p\u00fablicos y privados, pudiendo realizarla de\nlunes a viernes por la cuarentena que a\u00fan regir\u00e1 los fines de semana a las\nciudades que se encuentran en esta fase del Plan Paso a Paso. <\/p>\n\n\n\n<p>Por esta raz\u00f3n, desde el Ministerio del Deporte, la recomendaci\u00f3n para la\npr\u00e1ctica deportiva es a realizar actividades individuales y respetando los\ndistanciamientos deportivos y sociales, por lo que se invita a, por ejemplo,\nandar en bicicleta, trote, o deportes individuales que no impliquen contacto\nf\u00edsico como el tenis. <\/p>\n\n\n\n<p>\u201cLa Fase 2 a\u00fan es una fase fr\u00e1gil dentro de la pandemia que estamos\nviviendo y nuestro llamado es a realizar actividad deportiva de manera\nindividual, seguir cuid\u00e1ndonos, respetar las medidas sanitarias para que\npodamos seguir avanzando en el Plan Paso a Paso, y retirarse la mascarilla s\u00f3lo\ncuando est\u00e9n realizando actividad f\u00edsica\u201d, se\u00f1al\u00f3 la Seremi del Deporte de\nMagallanes y la Ant\u00e1rtica Chilena, Odette Callahan. <\/p>\n\n\n\n<p>Adem\u00e1s, agreg\u00f3 que \u201cpor lo mismo, los invitamos a volver a la pr\u00e1ctica de\nactividad f\u00edsica al aire libre, aprovechar nuestros espacios abiertos para\nsalir en bicicleta o trotar, y poder recrearnos en torno a la actividad f\u00edsica\u201d<\/p>\n\n\n\n<p>La etapa 2 del Plan Paso a Paso tambi\u00e9n considera que, manteniendo los\ndistanciamientos deportivos y sociales, pueden reunirse hasta diez personas\npara realizar actividad f\u00edsica y deporte, pudiendo hacer, por ejemplo, una\nclase de baile entretenido, zumba o body combat, entre otras disciplinas. <\/p>\n\n\n\n<p>Finalmente, en esta fase a\u00fan est\u00e1 prohibido el funcionamiento de recintos\ncerrados y gimnasios, mientras que en los recintos abiertos que est\u00e9n\nhabilitado no podr\u00e1n funcionar espacios comunes ni camarines. <\/p>\n","protected":false},"excerpt":{"rendered":"<p>El anuncio del avance a Fase 2 en Punta Arenas trae cambios para la pr\u00e1ctica de actividad f\u00edsica y deporte, permitiendo que desde este jueves 17 de septiembre, cuando comience&#8230; <a class=\"read-more\" href=\"https:\/\/www.radiopresidenteibanez.cl\/web\/los-cambios-para-la-actividad-fisica-y-deporte-en-la-fase-2-del-plan-paso-a-paso\/\">Leer m\u00e1s<\/a><\/p>\n","protected":false},"author":2,"featured_media":17000,"comment_status":"closed","ping_status":"closed","sticky":false,"template":"","format":"standard","meta":{"footnotes":""},"categories":[1],"tags":[],"class_list":["post-16999","post","type-post","status-publish","format-standard","has-post-thumbnail","hentry","category-cronica"],"_links":{"self":[{"href":"https:\/\/www.radiopresidenteibanez.cl\/web\/wp-json\/wp\/v2\/posts\/16999","targetHints":{"allow":["GET"]}}],"collection":[{"href":"https:\/\/www.radiopresidenteibanez.cl\/web\/wp-json\/wp\/v2\/posts"}],"about":[{"href":"https:\/\/www.radiopresidenteibanez.cl\/web\/wp-json\/wp\/v2\/types\/post"}],"author":[{"embeddable":true,"href":"https:\/\/www.radiopresidenteibanez.cl\/web\/wp-json\/wp\/v2\/users\/2"}],"replies":[{"embeddable":true,"href":"https:\/\/www.radiopresidenteibanez.cl\/web\/wp-json\/wp\/v2\/comments?post=16999"}],"version-history":[{"count":0,"href":"https:\/\/www.radiopresidenteibanez.cl\/web\/wp-json\/wp\/v2\/posts\/16999\/revisions"}],"wp:featuredmedia":[{"embeddable":true,"href":"https:\/\/www.radiopresidenteibanez.cl\/web\/wp-json\/wp\/v2\/media\/17000"}],"wp:attachment":[{"href":"https:\/\/www.radiopresidenteibanez.cl\/web\/wp-json\/wp\/v2\/media?parent=16999"}],"wp:term":[{"taxonomy":"category","embeddable":true,"href":"https:\/\/www.radiopresidenteibanez.cl\/web\/wp-json\/wp\/v2\/categories?post=16999"},{"taxonomy":"post_tag","embeddable":true,"href":"https:\/\/www.radiopresidenteibanez.cl\/web\/wp-json\/wp\/v2\/tags?post=16999"}],"curies":[{"name":"wp","href":"https:\/\/api.w.org\/{rel}","templated":true}]}}