{"id":16994,"date":"2020-12-16T03:00:00","date_gmt":"2020-12-16T03:00:00","guid":{"rendered":"https:\/\/www.radiopresidenteibanez.cl\/web\/?p=16994"},"modified":"2020-12-15T18:25:36","modified_gmt":"2020-12-15T18:25:36","slug":"mop-inicia-obras-en-aerodromo-de-cerro-sombrero-en-el-marco-del-plan-paso-a-paso-chile-se-recupera","status":"publish","type":"post","link":"https:\/\/www.radiopresidenteibanez.cl\/web\/mop-inicia-obras-en-aerodromo-de-cerro-sombrero-en-el-marco-del-plan-paso-a-paso-chile-se-recupera\/","title":{"rendered":"MOP INICIA OBRAS EN AER\u00d3DROMO DE CERRO SOMBRERO EN EL MARCO DEL \u201cPLAN PASO A PASO CHILE SE RECUPERA\u201d"},"content":{"rendered":"\n<p>La Direcci\u00f3n de\nAeropuertos del Ministerio de Obras P\u00fablicas (MOP), dio inicio a las obras de\nmejoramiento del Aer\u00f3dromo Franco Bianco de Cerro Sombrero, en el marco de las iniciativas\nque se est\u00e1n ejecutando gracias al \u201cPlan Paso a Paso Chile se Recupera\u201d para\nreactivar la econom\u00eda y generar empleo.<\/p>\n\n\n\n<p>En tiempos en que la\neconom\u00eda ha sufrido con los efectos de la pandemia, el rubro de la construcci\u00f3n\nrepresenta el 4,9% del PIB y el 7,7% del empleo nacional.&nbsp; La construcci\u00f3n fue el segundo sector que m\u00e1s\nempleos cre\u00f3 entre septiembre y octubre despu\u00e9s del comercio.<\/p>\n\n\n\n<p>En este sentido, el\nSeremi de Obras P\u00fablicas, Pablo Rendoll Balich, destac\u00f3 que: \u201cLos criterios\npara seleccionar las obras de este plan de recuperaci\u00f3n han sido: ejecuci\u00f3n\ninmediata de proyectos, que generen alto empleo directa e indirectamente, que\ngeneren productividad adicional a la econom\u00eda, que cubran todas las regiones\ndel pa\u00eds, e inversiones con un \u00e9nfasis en el cuidado del medioambiente y\nadaptaci\u00f3n al cambio clim\u00e1tico\u201d.<\/p>\n\n\n\n<p>A\u00f1adi\u00f3 que \u201cadem\u00e1s la\nseguridad sanitaria de los trabajadores que formen parte de estos proyectos, ha\nsido una preocupaci\u00f3n fundamental en el dise\u00f1o e implementaci\u00f3n de este plan.\nPor eso se ha acordado con la C\u00e1mara Chilena de la Construcci\u00f3n, y ha sido\nvisado por el Ministerio de Salud, un protocolo que entrega todas las garant\u00edas\npara evitar el contagio de Covid-19, incluyendo distanciamiento social, trabajo\npor turnos, uso de mascarillas y medici\u00f3n de temperatura, entre otros\u201d.<\/p>\n\n\n\n<p>\u201cEllo, porque la\nconstrucci\u00f3n es un sector muy intensivo en uso de mano de obra, de ah\u00ed la\nimportancia que tiene en este plan de recuperaci\u00f3n, que est\u00e1 focalizado en la\ncreaci\u00f3n de nuevos puestos de trabajo\u201d, concluy\u00f3 Rendoll.<\/p>\n\n\n\n<p>Las obras p\u00fablicas y\nprivadas que est\u00e1n en ejecuci\u00f3n o licitaci\u00f3n- son una gran fuente de trabajo en\neste momento particularmente duro que vivimos como pa\u00eds producto de la\npandemia. La construcci\u00f3n se ratifica como&nbsp;\nuno de los motores de la recuperaci\u00f3n: en octubre, la ocupaci\u00f3n creci\u00f3\nen 284 mil empleos en comparaci\u00f3n a septiembre, y 721 mil empleos m\u00e1s en\ncomparaci\u00f3n a julio, el mes en que la tasa de ocupaci\u00f3n nacional alcanz\u00f3 su\ncifra m\u00e1s baja (42,3%). De esos 284 mil puestos de trabajo, el sector de la\nconstrucci\u00f3n contribuy\u00f3 con 160 mil.<\/p>\n\n\n\n<p>A nivel regional, recalc\u00f3 el Seremi Rendoll que: \u201cel\nPlan Paso a Paso Chile Se Recupera involucra una cartera de m\u00e1s de 30 proyectos\nnuevos, aument\u00e1ndose\nconsiderablemente el presupuesto para el a\u00f1o 2021, que bordear\u00e1 los 120 mil millones de pesos, lo que adem\u00e1s nos\npermitir\u00e1 crear 2.580 nuevos puestos de trabajo de manera directa y una cifra\nsimilar de empleos indirectos en la Regi\u00f3n de Magallanes y de la Ant\u00e1rtica\nChilena. Adem\u00e1s, en un hecho hist\u00f3rico, entre octubre y diciembre del presente\na\u00f1o estamos realizando m\u00e1s\nde 40 nuevas licitaciones de obras, consultor\u00edas y asesor\u00edas, entre las que\ndestacan la construcci\u00f3n de un muelle en Bah\u00eda Fildes, la pavimentaci\u00f3n de\ncaminos en Tierra del Fuego y Ultima Esperanza, el mejoramiento del \u00e1rea de movimiento del Aeropuerto\nPresidente Ib\u00e1\u00f1ez, la ampliaci\u00f3n del terminal de pasajeros en el\naer\u00f3dromo de Puerto Williams y la construcci\u00f3n de un muelle en Puerto Toro\u201d.<\/p>\n\n\n\n<p>Respecto al mejoramiento\ndel aer\u00f3dromo de Cerro Sombrero, destac\u00f3 el Director Regional de Aeropuertos,\nHardy Rehbein Hidalgo, que \u201centre los principales trabajos que considera el\npresente contrato, destacan el perfilado de franja de toda la pista principal;\nreemplazo de carpeta granular de 800 m de pista, rodajes y plataforma\u201d.<\/p>\n\n\n\n<p>\u201cUna vez finalizada\nla presente obra, se comenzar\u00eda una segunda etapa que involucrar\u00eda el reemplazo\nde la carpeta granular de los 400 mts restantes en pista principal y&nbsp; posterior tratamiento asf\u00e1ltico y pintura en\ntoda la pista, rodajes y plataforma\u201d, a\u00f1adi\u00f3 Rehbein.<\/p>\n\n\n\n<p>Las obras, que est\u00e1n\na cargo de la empresa Vilicic S.A., consideran un plazo de ejecuci\u00f3n de 125\nd\u00edas corridos, para posteriormente dar inicio a la segunda etapa que contempla\nuna inversi\u00f3n similar a la actual, y la conclusi\u00f3n del tratamiento asf\u00e1ltico en\nla pista.<\/p>\n","protected":false},"excerpt":{"rendered":"<p>La Direcci\u00f3n de Aeropuertos del Ministerio de Obras P\u00fablicas (MOP), dio inicio a las obras de mejoramiento del Aer\u00f3dromo Franco Bianco de Cerro Sombrero, en el marco de las iniciativas&#8230; <a class=\"read-more\" href=\"https:\/\/www.radiopresidenteibanez.cl\/web\/mop-inicia-obras-en-aerodromo-de-cerro-sombrero-en-el-marco-del-plan-paso-a-paso-chile-se-recupera\/\">Leer m\u00e1s<\/a><\/p>\n","protected":false},"author":2,"featured_media":16995,"comment_status":"closed","ping_status":"closed","sticky":false,"template":"","format":"standard","meta":{"footnotes":""},"categories":[1],"tags":[],"class_list":["post-16994","post","type-post","status-publish","format-standard","has-post-thumbnail","hentry","category-cronica"],"_links":{"self":[{"href":"https:\/\/www.radiopresidenteibanez.cl\/web\/wp-json\/wp\/v2\/posts\/16994","targetHints":{"allow":["GET"]}}],"collection":[{"href":"https:\/\/www.radiopresidenteibanez.cl\/web\/wp-json\/wp\/v2\/posts"}],"about":[{"href":"https:\/\/www.radiopresidenteibanez.cl\/web\/wp-json\/wp\/v2\/types\/post"}],"author":[{"embeddable":true,"href":"https:\/\/www.radiopresidenteibanez.cl\/web\/wp-json\/wp\/v2\/users\/2"}],"replies":[{"embeddable":true,"href":"https:\/\/www.radiopresidenteibanez.cl\/web\/wp-json\/wp\/v2\/comments?post=16994"}],"version-history":[{"count":0,"href":"https:\/\/www.radiopresidenteibanez.cl\/web\/wp-json\/wp\/v2\/posts\/16994\/revisions"}],"wp:featuredmedia":[{"embeddable":true,"href":"https:\/\/www.radiopresidenteibanez.cl\/web\/wp-json\/wp\/v2\/media\/16995"}],"wp:attachment":[{"href":"https:\/\/www.radiopresidenteibanez.cl\/web\/wp-json\/wp\/v2\/media?parent=16994"}],"wp:term":[{"taxonomy":"category","embeddable":true,"href":"https:\/\/www.radiopresidenteibanez.cl\/web\/wp-json\/wp\/v2\/categories?post=16994"},{"taxonomy":"post_tag","embeddable":true,"href":"https:\/\/www.radiopresidenteibanez.cl\/web\/wp-json\/wp\/v2\/tags?post=16994"}],"curies":[{"name":"wp","href":"https:\/\/api.w.org\/{rel}","templated":true}]}}