{"id":16991,"date":"2020-12-16T02:45:00","date_gmt":"2020-12-16T02:45:00","guid":{"rendered":"https:\/\/www.radiopresidenteibanez.cl\/web\/?p=16991"},"modified":"2020-12-15T18:22:34","modified_gmt":"2020-12-15T18:22:34","slug":"invitan-a-inscribirse-en-curso-de-tripulante-general-de-cubierta","status":"publish","type":"post","link":"https:\/\/www.radiopresidenteibanez.cl\/web\/invitan-a-inscribirse-en-curso-de-tripulante-general-de-cubierta\/","title":{"rendered":"INVITAN A INSCRIBIRSE EN CURSO DE TRIPULANTE GENERAL DE CUBIERTA"},"content":{"rendered":"\n<p><em>Durante el\nmes de enero pr\u00f3ximo se impartir\u00e1 el tercer y \u00faltimo curso de Tripulante\nGeneral de Cubierta de la Marina Mercante, impartido en Punta Arenas por la\nFundaci\u00f3n Almirante Carlos Condell, con financiamiento de la Subsecretar\u00eda del\nTrabajo, cuyas inscripciones ya est\u00e1n abiertas a la comunidad magall\u00e1nica.<\/em><em><\/em><\/p>\n\n\n\n<p><em>As\u00ed lo\nenfatiz\u00f3 la Seremi del Trabajo y Previsi\u00f3n Social, Victoria Cort\u00e9s Schiattino,\nquien invit\u00f3 a los posibles interesados a hacer las consultas y postular.\n\u201cEstamos muy contentos de tener nuevamente a la Fundaci\u00f3n Carlos Condell\nimpartiendo este curso de Tripulante General de Cubierta de la Marina Mercante que,\ncomo sabemos, tiene un alto nivel de empleabilidad en la zona y con muy buenos\n\u00edndices de remuneraciones tambi\u00e9n, por lo que se trata de una oportunidad \u00fanica\nconsiderando, adem\u00e1s, la actual situaci\u00f3n de crisis que estamos atravesando\nproducto de la pandemia por Coronavirus\u201d, explic\u00f3 la autoridad.<\/em><em><\/em><\/p>\n\n\n\n<p><em>Seg\u00fan agreg\u00f3\nCort\u00e9s, se trata de cursos 100% gratuitos y que este a\u00f1o se impartir\u00e1n en su\ntotalidad de manera online, debido a la situaci\u00f3n sanitaria. El tercer curso\nque se imparte en la regi\u00f3n iniciar\u00e1 el pr\u00f3ximo 6 de enero de 2021 y concluir\u00e1\nel 16 de marzo del mismo a\u00f1o.<\/em><em><\/em><\/p>\n\n\n\n<p><em>As\u00ed lo\nratific\u00f3 el jefe de proyectos de la OTEC Carlos Condell, Cristian Figueroa\nCuadra, quien se refiri\u00f3 a este \u00faltimo curso. \u201cNos sentimos muy honrados de\nhaber podido retomar este a\u00f1o la realizaci\u00f3n de esta importante capacitaci\u00f3n\npara la regi\u00f3n de Magallanes. En efecto, ya llevamos dos cursos desarrollados\ncon muy buena experiencia y esperamos convocar a m\u00e1s interesados para este\ntercero que ejecutaremos a partir del mes de enero\u201d, expres\u00f3.<\/em><em><\/em><\/p>\n\n\n\n<p><em>Los\nrequisitos principales para acceder a este curso son: ser chileno mayor de 18\na\u00f1os, tener 4\u00b0 medio rendido, estar cesante (se acredita con certificado Omil),\nno tener antecedentes penales, ser residente de la regi\u00f3n de Magallanes, no\nestar cursando alguna carrera t\u00e9cnica o universitaria, no recibir pensi\u00f3n cuyo\nmonto sea superior a un sueldo m\u00ednimo mensual, no haber egresado de alg\u00fan\nprograma similar de empleo. Para acreditar estos tres \u00faltimos puntos, las\npersonas deben presentar una declaraci\u00f3n jurada simple. &nbsp;<\/em><em><\/em><\/p>\n\n\n\n<p><em>Las inscripciones\ncontin\u00faan abiertas a trav\u00e9s del correo <\/em><a href=\"mailto:tripulantesmagallanes@gmail.com\">tripulantesmagallanes@gmail.com<\/a><em>, a los\ntel\u00e9fonos 61 224436 y al 973441489. En caso de ser necesario, tambi\u00e9n se puede\nacudir a la oficina presencial ubicada en Pedro Montt N\u00b01068, Punta Arenas.<\/em><em><\/em><\/p>\n","protected":false},"excerpt":{"rendered":"<p>Durante el mes de enero pr\u00f3ximo se impartir\u00e1 el tercer y \u00faltimo curso de Tripulante General de Cubierta de la Marina Mercante, impartido en Punta Arenas por la Fundaci\u00f3n Almirante&#8230; <a class=\"read-more\" href=\"https:\/\/www.radiopresidenteibanez.cl\/web\/invitan-a-inscribirse-en-curso-de-tripulante-general-de-cubierta\/\">Leer m\u00e1s<\/a><\/p>\n","protected":false},"author":2,"featured_media":16992,"comment_status":"closed","ping_status":"closed","sticky":false,"template":"","format":"standard","meta":{"footnotes":""},"categories":[1],"tags":[],"class_list":["post-16991","post","type-post","status-publish","format-standard","has-post-thumbnail","hentry","category-cronica"],"_links":{"self":[{"href":"https:\/\/www.radiopresidenteibanez.cl\/web\/wp-json\/wp\/v2\/posts\/16991","targetHints":{"allow":["GET"]}}],"collection":[{"href":"https:\/\/www.radiopresidenteibanez.cl\/web\/wp-json\/wp\/v2\/posts"}],"about":[{"href":"https:\/\/www.radiopresidenteibanez.cl\/web\/wp-json\/wp\/v2\/types\/post"}],"author":[{"embeddable":true,"href":"https:\/\/www.radiopresidenteibanez.cl\/web\/wp-json\/wp\/v2\/users\/2"}],"replies":[{"embeddable":true,"href":"https:\/\/www.radiopresidenteibanez.cl\/web\/wp-json\/wp\/v2\/comments?post=16991"}],"version-history":[{"count":0,"href":"https:\/\/www.radiopresidenteibanez.cl\/web\/wp-json\/wp\/v2\/posts\/16991\/revisions"}],"wp:featuredmedia":[{"embeddable":true,"href":"https:\/\/www.radiopresidenteibanez.cl\/web\/wp-json\/wp\/v2\/media\/16992"}],"wp:attachment":[{"href":"https:\/\/www.radiopresidenteibanez.cl\/web\/wp-json\/wp\/v2\/media?parent=16991"}],"wp:term":[{"taxonomy":"category","embeddable":true,"href":"https:\/\/www.radiopresidenteibanez.cl\/web\/wp-json\/wp\/v2\/categories?post=16991"},{"taxonomy":"post_tag","embeddable":true,"href":"https:\/\/www.radiopresidenteibanez.cl\/web\/wp-json\/wp\/v2\/tags?post=16991"}],"curies":[{"name":"wp","href":"https:\/\/api.w.org\/{rel}","templated":true}]}}