{"id":16988,"date":"2020-12-16T02:30:00","date_gmt":"2020-12-16T02:30:00","guid":{"rendered":"https:\/\/www.radiopresidenteibanez.cl\/web\/?p=16988"},"modified":"2020-12-15T18:19:46","modified_gmt":"2020-12-15T18:19:46","slug":"presidente-pinera-anuncia-120-nuevos-liceos-bicentenario-superando-compromiso-de-gobierno","status":"publish","type":"post","link":"https:\/\/www.radiopresidenteibanez.cl\/web\/presidente-pinera-anuncia-120-nuevos-liceos-bicentenario-superando-compromiso-de-gobierno\/","title":{"rendered":"PRESIDENTE PI\u00d1ERA ANUNCIA 120 NUEVOS LICEOS BICENTENARIO SUPERANDO COMPROMISO DE GOBIERNO"},"content":{"rendered":"\n<p>El presidente Sebasti\u00e1n Pi\u00f1era, junto al ministro de\nEducaci\u00f3n, Ra\u00fal Figueroa, dieron a conocer este martes el listado de los 120\nestablecimientos educacionales que se transformar\u00e1n en los nuevos Liceos\nBicentenario a partir de 2021. Con su incorporaci\u00f3n, la red supera la promesa\nde inicios de gobierno de ampliar a 300 establecimientos de excelencia,\nlogrando beneficiar a cerca de 250 mil estudiantes en 320 colegios a lo largo\ndel pa\u00eds.<\/p>\n\n\n\n<p>Los Liceos Bicentenario han logrado resultados en el corto\nplazo, demostrando que los cambios en educaci\u00f3n son posible si se construyen en\nuna cultura de altas expectativas, liderazgo directivo y compromiso de las\ncomunidades educativas.<\/p>\n\n\n\n<p>Durante el primer gobierno del presidente Pi\u00f1era se crearon\nlos primeros 60 Liceos Bicentenario. En el periodo&nbsp;2018-2021&nbsp;se\nhabr\u00e1n incorporados 260 establecimientos m\u00e1s, superando la meta de ampliar esta\nred.<\/p>\n\n\n\n<p>\u201cLa creaci\u00f3n de\nlos Liceos Bicentenario fue una pol\u00edtica p\u00fablica muy pionera, al principio\ngener\u00f3 mucha resistencia, hoy genera mucha adhesi\u00f3n, porque est\u00e1 basada en una\nalianza entre el esfuerzo individual y familiar de cada ni\u00f1o y de cada familia,\njunto al compromiso de la comunidad escolar, lo que ha generado grandes\nmejoras. En muy poco tiempo los Liceos Bicentenario mostraron todo su valor y\nlograron resultados acad\u00e9micos que a muchos impresionaron, pero que nosotros\nsab\u00edamos que eran capaces de lograrlo, porque los cambios en educaci\u00f3n no\nrequieren d\u00e9cadas, ni siglos para rendir frutos\u201d, asegur\u00f3 el&nbsp;<strong>Presidente\nde la Rep\u00fablica, Sebasti\u00e1n Pi\u00f1era.<\/strong><\/p>\n\n\n\n<p><a>La hist\u00f3rica\nconvocatoria de este a\u00f1o logr\u00f3 la m\u00e1s alta postulaci\u00f3n desde que se cre\u00f3 el\nprograma con un total de 407 proyectos, de ellos, se seleccionaron a los 120\nnuevos Liceos Bicentenario: el 57% pertenecen a la Educaci\u00f3n P\u00fablica\n(incluyendo establecimientos municipales y dependientes de los Servicios\nLocales de Educaci\u00f3n), 36% son Particulares Subvencionados y 7% de\nAdministraci\u00f3n Delegada.<\/a><\/p>\n\n\n\n<p>\u201cFelicitamos a las 120 nuevas comunidades educativas que, a\npartir de marzo del 2021, ser\u00e1n parte de la red de 320 Liceos Bicentenario,\nprograma que ha logrado democratizar la educaci\u00f3n de alta calidad a lo largo de\ntodo Chile. Estos establecimientos destacan por el compromiso de sus equipos\ndirectivos y docentes en la entrega de una educaci\u00f3n y formaci\u00f3n de excelencia,\nraz\u00f3n por la cual son altamente valorados por las familias.\u201d afirm\u00f3 el&nbsp;<strong>ministro\nde Educaci\u00f3n, Ra\u00fal Figueroa.<\/strong><\/p>\n\n\n\n<p>Estos liceos son los que m\u00e1s han aumentado sus puntajes PSU\ndesde el 2010 con un 10% promedio para Matem\u00e1tica y Lenguaje. Tambi\u00e9n se observan\nresultados favorables en cuanto al Simce, ya que los 123 Liceos Bicentenario\nque rindieron la prueba de 8\u00b0 b\u00e1sico lograron puntajes mayores al promedio\nnacional en Lenguaje, Matem\u00e1tica e Historia.<\/p>\n\n\n\n<p>La valoraci\u00f3n por estos establecimientos viene de las\npropias familias, ya que de acuerdo con las \u00faltimas solicitudes del Sistema de\nAdmisi\u00f3n Escolar (SAE) 2020, estos liceos obtuvieron en promedio cuatro\npostulaciones m\u00e1s que otro colegio secundario.<\/p>\n\n\n\n<p>Los nuevos Liceos Bicentenario \u2013que beneficiar\u00e1n a m\u00e1s de 85\nmil nuevos alumnos en Chile- tienen como objetivo mejorar la calidad de la\neducaci\u00f3n en todos sus niveles.<\/p>\n\n\n\n<p><strong>Resultados convocatoria<\/strong><\/p>\n\n\n\n<p>El Mineduc convoc\u00f3 entre el entre el 20 agosto y el 9 de\noctubre de 2020 a todos los establecimientos p\u00fablicos, Particulares\nSubvencionados y de Administraci\u00f3n Delegada, a postular a la red de Liceos\nBicentenario.<\/p>\n\n\n\n<p>De los nuevos 407 establecimientos que postularon, 120 de\nfueron seleccionados como nuevos Liceos Bicentenario: 74 son\nT\u00e9cnico-Profesional (TP), 44 Humanista-Cient\u00edfico (HC) y 2 Art\u00edsticos.<\/p>\n\n\n\n<p>Las regiones con m\u00e1s proyectos adjudicados son la Regi\u00f3n\nMetropolitana (30), Valpara\u00edso (11) y Maule (11).<\/p>\n\n\n\n<p>Con esta nueva convocatoria, los Liceos Bicentenario\nllegar\u00e1n a 64 nuevas comunas, teniendo presencia en un total de 214 a lo largo\ndel pa\u00eds.<\/p>\n\n\n\n<p>Desde hoy, m\u00e1s de 250 mil ni\u00f1os y j\u00f3venes podr\u00e1n acceder a\nuna educaci\u00f3n p\u00fablica de calidad en todas las modalidades educativas.<\/p>\n\n\n\n<p>Los resultados de la convocatoria 2020 se encuentran en el\nsitio web de Liceos Bicentenario,&nbsp;<a href=\"http:\/\/www.liceosbicentenario.mineduc.cl\/\" target=\"_blank\" rel=\"noreferrer noopener\">www.liceosbicentenario.mineduc.cl<\/a>&nbsp;.<\/p>\n\n\n\n<p><strong>Listado 120 Nuevos Liceos Bicentenario<\/strong><\/p>\n\n\n\n<figure class=\"wp-block-table\"><table class=\"\"><tbody><tr><td>\n  <strong>Nombre EE<\/strong>\n  <\/td><td>\n  <strong>Regi\u00f3n<\/strong>\n  <\/td><td>\n  <strong>Comuna<\/strong>\n  <\/td><\/tr><tr><td>\n  Colegio Diocesano Obispo Labb\u00e9\n  <\/td><td>\n  1\n  <\/td><td>\n  Iquique\n  <\/td><\/tr><tr><td>\n  Colegio Nirvana\n  <\/td><td>\n  1\n  <\/td><td>\n  Alto Hospicio\n  <\/td><\/tr><tr><td>\n  Instituto Cient\u00edfico Educacional Jos\u00e9 Maza Sancho\n  <\/td><td>\n  2\n  <\/td><td>\n  Antofagasta\n  <\/td><\/tr><tr><td>\n  Colegio Sagrada Familia\n  <\/td><td>\n  2\n  <\/td><td>\n  Tocopilla\n  <\/td><\/tr><tr><td>\n  Colegio Rio Loa\n  <\/td><td>\n  2\n  <\/td><td>\n  Calama\n  <\/td><\/tr><tr><td>\n  Liceo General Ramon Freire\n  <\/td><td>\n  3\n  <\/td><td>\n  Freirina\n  <\/td><\/tr><tr><td>\n  Liceo Ignacio Carrera Pinto\n  <\/td><td>\n  4\n  <\/td><td>\n  La Serena\n  <\/td><\/tr><tr><td>\n  Liceo Pedro Regalado S. Videla O.\n  <\/td><td>\n  4\n  <\/td><td>\n  Andacollo\n  <\/td><\/tr><tr><td>\n  Liceo Samuel Roman Rojas\n  <\/td><td>\n  4\n  <\/td><td>\n  Combarbal\u00e1\n  <\/td><\/tr><tr><td>\n  Liceo Domingo Ortiz De Rozas\n  <\/td><td>\n  4\n  <\/td><td>\n  Illapel\n  <\/td><\/tr><tr><td>\n  Liceo Mistraliano\n  <\/td><td>\n  4\n  <\/td><td>\n  Paiguano\n  <\/td><\/tr><tr><td>\n  Colegio Particular Miguel De Cervantes\n  <\/td><td>\n  4\n  <\/td><td>\n  Coquimbo\n  <\/td><\/tr><tr><td>\n  Liceo De Zapallar\n  <\/td><td>\n  5\n  <\/td><td>\n  Zapallar\n  <\/td><\/tr><tr><td>\n  Escuela Industrial Guillermo Richards Cuevas\n  <\/td><td>\n  5\n  <\/td><td>\n  San Felipe\n  <\/td><\/tr><tr><td>\n  Liceo T\u00e9cnico Amancay\n  <\/td><td>\n  5\n  <\/td><td>\n  Los Andes\n  <\/td><\/tr><tr><td>\n  Colegio Santa Maria De Aconcagua\n  <\/td><td>\n  5\n  <\/td><td>\n  Santa Mar\u00eda\n  <\/td><\/tr><tr><td>\n  Liceo De Ni\u00f1as Corina Urbina\n  <\/td><td>\n  5\n  <\/td><td>\n  San Felipe\n  <\/td><\/tr><tr><td>\n  Colegio Arauco\n  <\/td><td>\n  5\n  <\/td><td>\n  Quillota\n  <\/td><\/tr><tr><td>\n  Colegio Insular Robinson Crusoe\n  <\/td><td>\n  5\n  <\/td><td>\n  Juan Fern\u00e1ndez\n  <\/td><\/tr><tr><td>\n  Colegio People Help People\n  <\/td><td>\n  5\n  <\/td><td>\n  Santo Domingo\n  <\/td><\/tr><tr><td>\n  Liceo Tec. Profesional Pedro Aguirre Cerda\n  <\/td><td>\n  5\n  <\/td><td>\n  Calle Larga\n  <\/td><\/tr><tr><td>\n  Lions School\n  <\/td><td>\n  5\n  <\/td><td>\n  Cartagena\n  <\/td><\/tr><tr><td>\n  Colegio Antumapu\n  <\/td><td>\n  5\n  <\/td><td>\n  Calera\n  <\/td><\/tr><tr><td>\n  Liceo Latinoamericano\n  <\/td><td>\n  6\n  <\/td><td>\n  Pichidegua\n  <\/td><\/tr><tr><td>\n  Liceo Comercial Diego Portales\n  <\/td><td>\n  6\n  <\/td><td>\n  Rancagua\n  <\/td><\/tr><tr><td>\n  Liceo Alberto Hurtado\n  <\/td><td>\n  6\n  <\/td><td>\n  Mostazal\n  <\/td><\/tr><tr><td>\n  Liceo Municipal Juan Pablo II\n  <\/td><td>\n  6\n  <\/td><td>\n  Nancagua\n  <\/td><\/tr><tr><td>\n  Liceo El Rosario De Litueche\n  <\/td><td>\n  6\n  <\/td><td>\n  Litueche\n  <\/td><\/tr><tr><td>\n  Instituto Polit\u00e9cnico Superior Juan Terri\n  <\/td><td>\n  7\n  <\/td><td>\n  Curic\u00f3\n  <\/td><\/tr><tr><td>\n  Liceo Augusto Santelices Valenzuela\n  <\/td><td>\n  7\n  <\/td><td>\n  Licant\u00e9n\n  <\/td><\/tr><tr><td>\n  Escuela Agr\u00edcola Marta Martinez Cruz\n  <\/td><td>\n  7\n  <\/td><td>\n  Yerbas Buenas\n  <\/td><\/tr><tr><td>\n  Colegio Alberto Molina Castillo\n  <\/td><td>\n  7\n  <\/td><td>\n  Parral\n  <\/td><\/tr><tr><td>\n  Colegio Polivalente Las Camelias\n  <\/td><td>\n  7\n  <\/td><td>\n  Retiro\n  <\/td><\/tr><tr><td>\n  Colegio Particular San Jose\n  <\/td><td>\n  7\n  <\/td><td>\n  San Javier\n  <\/td><\/tr><tr><td>\n  Liceo Agroindustrial Rio Claro\n  <\/td><td>\n  7\n  <\/td><td>\n  R\u00edo Claro\n  <\/td><\/tr><tr><td>\n  Liceo Santa Marta\n  <\/td><td>\n  7\n  <\/td><td>\n  Talca\n  <\/td><\/tr><tr><td>\n  Liceo Polivalente De Rauco\n  <\/td><td>\n  7\n  <\/td><td>\n  Rauco\n  <\/td><\/tr><tr><td>\n  Liceo T\u00e9cnico Profesional Simon Bol\u00edvar\n  <\/td><td>\n  7\n  <\/td><td>\n  Curic\u00f3\n  <\/td><\/tr><tr><td>\n  Escuela Administraci\u00f3n Y Comercio Humanista C\n  <\/td><td>\n  7\n  <\/td><td>\n  Curic\u00f3\n  <\/td><\/tr><tr><td>\n  Instituto Valle Del Sol Quilaco\n  <\/td><td>\n  8\n  <\/td><td>\n  Quilaco\n  <\/td><\/tr><tr><td>\n  Liceo Padre Luis Alberto Saldes Irarrazabal\n  <\/td><td>\n  8\n  <\/td><td>\n  Yumbel\n  <\/td><\/tr><tr><td>\n  Liceo Anita Serrano Sepulveda\n  <\/td><td>\n  8\n  <\/td><td>\n  Talcahuano\n  <\/td><\/tr><tr><td>\n  Liceo Politecnico Caupolic\u00e1n\n  <\/td><td>\n  8\n  <\/td><td>\n  Los \u00c1lamos\n  <\/td><\/tr><tr><td>\n  Liceo Polivalente Tome &#8211; Alto\n  <\/td><td>\n  8\n  <\/td><td>\n  Tom\u00e9\n  <\/td><\/tr><tr><td>\n  Liceo Francisco Bascunan Guerrero\n  <\/td><td>\n  8\n  <\/td><td>\n  Quilleco\n  <\/td><\/tr><tr><td>\n  Liceo Ines Enr\u00edquez Frodden\n  <\/td><td>\n  8\n  <\/td><td>\n  Florida\n  <\/td><\/tr><tr><td>\n  Liceo Comercial Enrique Oyarzun Mondaca\n  <\/td><td>\n  8\n  <\/td><td>\n  Concepci\u00f3n\n  <\/td><\/tr><tr><td>\n  Liceo T\u00e9cnico Profesional Jorge S\u00e1nchez Ugarte\n  <\/td><td>\n  8\n  <\/td><td>\n  Concepci\u00f3n\n  <\/td><\/tr><tr><td>\n  Colegio San Diego De Alcal\u00e1\n  <\/td><td>\n  8\n  <\/td><td>\n  Tucapel\n  <\/td><\/tr><tr><td>\n  Liceo Brigadier Carlos Schalchli V.\n  <\/td><td>\n  9\n  <\/td><td>\n  Lonquimay\n  <\/td><\/tr><tr><td>\n  Liceo De Ciencias Y Humanidades\n  <\/td><td>\n  9\n  <\/td><td>\n  Pitrufqu\u00e9n\n  <\/td><\/tr><tr><td>\n  Complejo Educacional Claudio Arrau Leon\n  <\/td><td>\n  9\n  <\/td><td>\n  Carahue\n  <\/td><\/tr><tr><td>\n  Liceo James Mundell\n  <\/td><td>\n  9\n  <\/td><td>\n  Cholchol\n  <\/td><\/tr><tr><td>\n  Liceo T\u00e9cnico Prof. Centenario\n  <\/td><td>\n  9\n  <\/td><td>\n  Temuco\n  <\/td><\/tr><tr><td>\n  Complejo Educacional Padre Nicolas\n  <\/td><td>\n  9\n  <\/td><td>\n  Vilc\u00fan\n  <\/td><\/tr><tr><td>\n  Liceo Politecnico Ema Espinoza Correa\n  <\/td><td>\n  9\n  <\/td><td>\n  Lautaro\n  <\/td><\/tr><tr><td>\n  Complejo Educacional Martin Kleinknecht\n  <\/td><td>\n  9\n  <\/td><td>\n  Tolt\u00e9n\n  <\/td><\/tr><tr><td>\n  Complejo Educacional Los Sauces\n  <\/td><td>\n  9\n  <\/td><td>\n  Los Sauces\n  <\/td><\/tr><tr><td>\n  Liceo Politecnico Santa Cruz\n  <\/td><td>\n  9\n  <\/td><td>\n  Cunco\n  <\/td><\/tr><tr><td>\n  Colegio De Difusi\u00f3n Art\u00edstica Los Ulmos\n  <\/td><td>\n  10\n  <\/td><td>\n  Los Muermos\n  <\/td><\/tr><tr><td>\n  Liceo Politecnico Holanda\n  <\/td><td>\n  10\n  <\/td><td>\n  Llanquihue\n  <\/td><\/tr><tr><td>\n  Escuela Futaleufu\n  <\/td><td>\n  10\n  <\/td><td>\n  Futaleuf\u00fa\n  <\/td><\/tr><tr><td>\n  Colegio Felmer Niklitschek\n  <\/td><td>\n  10\n  <\/td><td>\n  Puerto Varas\n  <\/td><\/tr><tr><td>\n  Liceo Polivalente De Queil\u00e9n\n  <\/td><td>\n  10\n  <\/td><td>\n  Queil\u00e9n\n  <\/td><\/tr><tr><td>\n  Liceo Francisco Hernandez Ortiz-Pizarro\n  <\/td><td>\n  10\n  <\/td><td>\n  Calbuco\n  <\/td><\/tr><tr><td>\n  Liceo Polivalente Quemchi\n  <\/td><td>\n  10\n  <\/td><td>\n  Quemchi\n  <\/td><\/tr><tr><td>\n  Instituto Del Mar Capit\u00e1n Williams\n  <\/td><td>\n  10\n  <\/td><td>\n  Chonchi\n  <\/td><\/tr><tr><td>\n  Escuela Agr\u00edcola De La Patagonia\n  <\/td><td>\n  11\n  <\/td><td>\n  Coyhaique\n  <\/td><\/tr><tr><td>\n  Colegio Kalem\n  <\/td><td>\n  11\n  <\/td><td>\n  Ays\u00e9n\n  <\/td><\/tr><tr><td>\n  <strong>Liceo Polivalente Hernando De Magallanes<\/strong>\n  <\/td><td>\n  <strong>12<\/strong>\n  <\/td><td>\n  <strong>Porvenir<\/strong>\n  <\/td><\/tr><tr><td>\n  Liceo Isaura Dinator De Guzman\n  <\/td><td>\n  13\n  <\/td><td>\n  Santiago\n  <\/td><\/tr><tr><td>\n  Liceo Simon Bol\u00edvar\n  <\/td><td>\n  13\n  <\/td><td>\n  Las Condes\n  <\/td><\/tr><tr><td>\n  Liceo Comercial Joaquin Vera Morales\n  <\/td><td>\n  13\n  <\/td><td>\n  Santiago\n  <\/td><\/tr><tr><td>\n  Escuela Particular Victoria Prieto\n  <\/td><td>\n  13\n  <\/td><td>\n  Santiago\n  <\/td><\/tr><tr><td>\n  Liceo Industrial Y De Minas Ignacio Domey\n  <\/td><td>\n  13\n  <\/td><td>\n  Recoleta\n  <\/td><\/tr><tr><td>\n  Complejo Educ. Joaquin Edwards Bello.\n  <\/td><td>\n  13\n  <\/td><td>\n  Macul\n  <\/td><\/tr><tr><td>\n  Colegio Matilde Huici Navas\n  <\/td><td>\n  13\n  <\/td><td>\n  Pe\u00f1alol\u00e9n\n  <\/td><\/tr><tr><td>\n  Liceo Polivalente Francisco Frias V.\n  <\/td><td>\n  13\n  <\/td><td>\n  La Granja\n  <\/td><\/tr><tr><td>\n  Colegio Particular N 1 De \u00d1u\u00f1oa\n  <\/td><td>\n  13\n  <\/td><td>\n  \u00d1u\u00f1oa\n  <\/td><\/tr><tr><td>\n  Colegio Santo Cura De Ars\n  <\/td><td>\n  13\n  <\/td><td>\n  San Miguel\n  <\/td><\/tr><tr><td>\n  Escuela Poeta Pablo Neruda\n  <\/td><td>\n  13\n  <\/td><td>\n  Lo Prado\n  <\/td><\/tr><tr><td>\n  Liceo San Francisco\n  <\/td><td>\n  13\n  <\/td><td>\n  San Ram\u00f3n\n  <\/td><\/tr><tr><td>\n  Complejo Educ. Part. Monsenor Luis A. P\u00e9rez\n  <\/td><td>\n  13\n  <\/td><td>\n  Pedro Aguirre Cerda\n  <\/td><\/tr><tr><td>\n  Polit\u00e9cnico Alem\u00e1n Albert Einstein\n  <\/td><td>\n  13\n  <\/td><td>\n  Cerrillos\n  <\/td><\/tr><tr><td>\n  Liceo Polivalente Manuel Rodriguez\n  <\/td><td>\n  13\n  <\/td><td>\n  Tiltil\n  <\/td><\/tr><tr><td>\n  Escuela B\u00e1sica N\u00ba312 Molokai\n  <\/td><td>\n  13\n  <\/td><td>\n  Cerro Navia\n  <\/td><\/tr><tr><td>\n  Colegio Madre Ana Eugenia\n  <\/td><td>\n  13\n  <\/td><td>\n  Pudahuel\n  <\/td><\/tr><tr><td>\n  Liceo Industrial Benjam\u00edn D\u00e1vila Larrain\n  <\/td><td>\n  13\n  <\/td><td>\n  Renca\n  <\/td><\/tr><tr><td>\n  Esc. B\u00e1sica Part. Nueva Aurora De Chile\n  <\/td><td>\n  13\n  <\/td><td>\n  Recoleta\n  <\/td><\/tr><tr><td>\n  Colegio Municipal Instituto Chacabuco\n  <\/td><td>\n  13\n  <\/td><td>\n  Colina\n  <\/td><\/tr><tr><td>\n  Escuela T\u00e9cnica Las Nieves\n  <\/td><td>\n  13\n  <\/td><td>\n  Puente Alto\n  <\/td><\/tr><tr><td>\n  Liceo Politecnico Municipal Melipilla\n  <\/td><td>\n  13\n  <\/td><td>\n  Melipilla\n  <\/td><\/tr><tr><td>\n  Liceo Tecnol\u00f3gico Enrique Kirberg B\n  <\/td><td>\n  13\n  <\/td><td>\n  Maip\u00fa\n  <\/td><\/tr><tr><td>\n  Colegio Poliv. San Luis Beltran\n  <\/td><td>\n  13\n  <\/td><td>\n  Pudahuel\n  <\/td><\/tr><tr><td>\n  Escuela Bas. Part. De Santa Maria\n  <\/td><td>\n  13\n  <\/td><td>\n  El Monte\n  <\/td><\/tr><tr><td>\n  Colegio Poliv. Patricio Mekis De Padre Hurtad\n  <\/td><td>\n  13\n  <\/td><td>\n  Padre Hurtado\n  <\/td><\/tr><tr><td>\n  Colegio Poliv. Arzobispo Crescente Errazuriz\n  <\/td><td>\n  13\n  <\/td><td>\n  Puente Alto\n  <\/td><\/tr><tr><td>\n  Liceo Sergio Silva Bascunan\n  <\/td><td>\n  13\n  <\/td><td>\n  La Pintana\n  <\/td><\/tr><tr><td>\n  Colegio Moderno Paine\n  <\/td><td>\n  13\n  <\/td><td>\n  Paine\n  <\/td><\/tr><tr><td>\n  Liceo Municipal De Batuco\n  <\/td><td>\n  13\n  <\/td><td>\n  Lampa\n  <\/td><\/tr><tr><td>\n  Escuela Particular Santa Cruz\n  <\/td><td>\n  14\n  <\/td><td>\n  Mariquina\n  <\/td><\/tr><tr><td>\n  Liceo Gabriela Mistral\n  <\/td><td>\n  14\n  <\/td><td>\n  M\u00e1fil\n  <\/td><\/tr><tr><td>\n  Escuela Particular Helvecia\n  <\/td><td>\n  14\n  <\/td><td>\n  Valdivia\n  <\/td><\/tr><tr><td>\n  Liceo T\u00e9cnico Profesional People Help People De\n  Panguipulli\n  <\/td><td>\n  14\n  <\/td><td>\n  Panguipulli\n  <\/td><\/tr><tr><td>\n  Liceo Carlos Haverbeck Richter\n  <\/td><td>\n  14\n  <\/td><td>\n  Corral\n  <\/td><\/tr><tr><td>\n  Colegio Rural Crucero\n  <\/td><td>\n  14\n  <\/td><td>\n  R\u00edo Bueno\n  <\/td><\/tr><tr><td>\n  Complejo Educacional Ignao\n  <\/td><td>\n  14\n  <\/td><td>\n  Lago Ranco\n  <\/td><\/tr><tr><td>\n  Liceo Politec. Werner Grob Stolzenbach\n  <\/td><td>\n  14\n  <\/td><td>\n  La Uni\u00f3n\n  <\/td><\/tr><tr><td>\n  Colegio Miramar\n  <\/td><td>\n  15\n  <\/td><td>\n  Arica\n  <\/td><\/tr><tr><td>\n  Liceo Art\u00edstico Dr. Juan Noe Crevani\n  <\/td><td>\n  15\n  <\/td><td>\n  Arica\n  <\/td><\/tr><tr><td>\n  Liceo Arturo Prat Chac\u00f3n\n  <\/td><td>\n  16\n  <\/td><td>\n  Ninhue\n  <\/td><\/tr><tr><td>\n  Colegio El \u00c1rbol De La Vida\n  <\/td><td>\n  16\n  <\/td><td>\n  San Carlos\n  <\/td><\/tr><tr><td>\n  Colegio Dar\u00edo Salas\n  <\/td><td>\n  16\n  <\/td><td>\n  Chill\u00e1n Viejo\n  <\/td><\/tr><tr><td>\n  Liceo San Gregorio\n  <\/td><td>\n  16\n  <\/td><td>\n  \u00d1iqu\u00e9n\n  <\/td><\/tr><tr><td>\n  Liceo Manuel Jesus Ortiz\n  <\/td><td>\n  16\n  <\/td><td>\n  San Ignacio\n  <\/td><\/tr><tr><td>\n  Liceo Polivalente Juvenal Hern\u00e1ndez Jaque\n  <\/td><td>\n  16\n  <\/td><td>\n  El Carmen\n  <\/td><\/tr><tr><td>\n  Liceo Santa Cruz De Larqui\n  <\/td><td>\n  16\n  <\/td><td>\n  Bulnes\n  <\/td><\/tr><tr><td>\n  Liceo Polivalente Virginio Arias\n  <\/td><td>\n  16\n  <\/td><td>\n  Ranquil\n  <\/td><\/tr><tr><td>\n  Liceo Nibaldo Sep\u00falveda Fernandez\n  <\/td><td>\n  16\n  <\/td><td>\n  Portezuelo\n  <\/td><\/tr><tr><td>\n  Liceo T\u00e9cnico Puente \u00d1uble\n  <\/td><td>\n  16\n  <\/td><td>\n  San Nicol\u00e1s\n  <\/td><\/tr><\/tbody><\/table><\/figure>\n","protected":false},"excerpt":{"rendered":"<p>El presidente Sebasti\u00e1n Pi\u00f1era, junto al ministro de Educaci\u00f3n, Ra\u00fal Figueroa, dieron a conocer este martes el listado de los 120 establecimientos educacionales que se transformar\u00e1n en los nuevos Liceos&#8230; <a class=\"read-more\" href=\"https:\/\/www.radiopresidenteibanez.cl\/web\/presidente-pinera-anuncia-120-nuevos-liceos-bicentenario-superando-compromiso-de-gobierno\/\">Leer m\u00e1s<\/a><\/p>\n","protected":false},"author":2,"featured_media":16989,"comment_status":"closed","ping_status":"closed","sticky":false,"template":"","format":"standard","meta":{"footnotes":""},"categories":[1],"tags":[],"class_list":["post-16988","post","type-post","status-publish","format-standard","has-post-thumbnail","hentry","category-cronica"],"_links":{"self":[{"href":"https:\/\/www.radiopresidenteibanez.cl\/web\/wp-json\/wp\/v2\/posts\/16988","targetHints":{"allow":["GET"]}}],"collection":[{"href":"https:\/\/www.radiopresidenteibanez.cl\/web\/wp-json\/wp\/v2\/posts"}],"about":[{"href":"https:\/\/www.radiopresidenteibanez.cl\/web\/wp-json\/wp\/v2\/types\/post"}],"author":[{"embeddable":true,"href":"https:\/\/www.radiopresidenteibanez.cl\/web\/wp-json\/wp\/v2\/users\/2"}],"replies":[{"embeddable":true,"href":"https:\/\/www.radiopresidenteibanez.cl\/web\/wp-json\/wp\/v2\/comments?post=16988"}],"version-history":[{"count":0,"href":"https:\/\/www.radiopresidenteibanez.cl\/web\/wp-json\/wp\/v2\/posts\/16988\/revisions"}],"wp:featuredmedia":[{"embeddable":true,"href":"https:\/\/www.radiopresidenteibanez.cl\/web\/wp-json\/wp\/v2\/media\/16989"}],"wp:attachment":[{"href":"https:\/\/www.radiopresidenteibanez.cl\/web\/wp-json\/wp\/v2\/media?parent=16988"}],"wp:term":[{"taxonomy":"category","embeddable":true,"href":"https:\/\/www.radiopresidenteibanez.cl\/web\/wp-json\/wp\/v2\/categories?post=16988"},{"taxonomy":"post_tag","embeddable":true,"href":"https:\/\/www.radiopresidenteibanez.cl\/web\/wp-json\/wp\/v2\/tags?post=16988"}],"curies":[{"name":"wp","href":"https:\/\/api.w.org\/{rel}","templated":true}]}}