{"id":16983,"date":"2020-12-16T02:00:00","date_gmt":"2020-12-16T02:00:00","guid":{"rendered":"https:\/\/www.radiopresidenteibanez.cl\/web\/?p=16983"},"modified":"2020-12-15T18:13:26","modified_gmt":"2020-12-15T18:13:26","slug":"municipio-realizara-atencion-extraordinaria-para-entregar-regalos-de-navidad-a-quienes-aun-no-los-retiran","status":"publish","type":"post","link":"https:\/\/www.radiopresidenteibanez.cl\/web\/municipio-realizara-atencion-extraordinaria-para-entregar-regalos-de-navidad-a-quienes-aun-no-los-retiran\/","title":{"rendered":"MUNICIPIO REALIZAR\u00c1 ATENCI\u00d3N EXTRAORDINARIA PARA ENTREGAR REGALOS DE NAVIDAD A QUIENES A\u00daN NO LOS RETIRAN"},"content":{"rendered":"\n<p>Este mi\u00e9rcoles (16 de diciembre), entre las 9 y las 12.30\nhoras, en la escuela Portugal, el Municipio de Punta Arenas, a trav\u00e9s de la\nDirecci\u00f3n de Desarrollo Comunitario, realizar\u00e1 una atenci\u00f3n presencial\nextraordinaria para entregar los regalos de navidad a todas las personas que no\npudieron asistir a retirar anteriormente.<\/p>\n\n\n\n<p>\u201cDurante esta jornada, los funcionarios a cargo han enviado\ncorreos a las personas que a\u00fan no retiran sus regalos de navidad y tambi\u00e9n\nqueremos difundir esta informaci\u00f3n a trav\u00e9s de los medios, para que todas las\npersonas, de cualquier distrito, acudan este mi\u00e9rcoles a retirar sus regalos,\nya que sabemos lo importante que es para los ni\u00f1os el poder recibir un presente\nesta navidad\u201d, afirm\u00f3 la directora de Desarrollo Comunitario, Elena Blackwood.<\/p>\n\n\n\n<p>La entrega de regalos comenz\u00f3 el pasado 8 de marzo y se\nextendi\u00f3 durante una semana, en la cual padres o adultos responsables pudieron\nretirar los regalos de todos los ni\u00f1os y ni\u00f1as inscritas, entre 0 y 10 a\u00f1os.<\/p>\n\n\n\n<p>En este 2020, se inscribieron un total de 5.725 ni\u00f1as y\nni\u00f1os de Punta Arenas, un 65% m\u00e1s que el 2019.<\/p>\n","protected":false},"excerpt":{"rendered":"<p>Este mi\u00e9rcoles (16 de diciembre), entre las 9 y las 12.30 horas, en la escuela Portugal, el Municipio de Punta Arenas, a trav\u00e9s de la Direcci\u00f3n de Desarrollo Comunitario, realizar\u00e1&#8230; <a class=\"read-more\" href=\"https:\/\/www.radiopresidenteibanez.cl\/web\/municipio-realizara-atencion-extraordinaria-para-entregar-regalos-de-navidad-a-quienes-aun-no-los-retiran\/\">Leer m\u00e1s<\/a><\/p>\n","protected":false},"author":2,"featured_media":16984,"comment_status":"closed","ping_status":"closed","sticky":false,"template":"","format":"standard","meta":{"footnotes":""},"categories":[1],"tags":[],"class_list":["post-16983","post","type-post","status-publish","format-standard","has-post-thumbnail","hentry","category-cronica"],"_links":{"self":[{"href":"https:\/\/www.radiopresidenteibanez.cl\/web\/wp-json\/wp\/v2\/posts\/16983","targetHints":{"allow":["GET"]}}],"collection":[{"href":"https:\/\/www.radiopresidenteibanez.cl\/web\/wp-json\/wp\/v2\/posts"}],"about":[{"href":"https:\/\/www.radiopresidenteibanez.cl\/web\/wp-json\/wp\/v2\/types\/post"}],"author":[{"embeddable":true,"href":"https:\/\/www.radiopresidenteibanez.cl\/web\/wp-json\/wp\/v2\/users\/2"}],"replies":[{"embeddable":true,"href":"https:\/\/www.radiopresidenteibanez.cl\/web\/wp-json\/wp\/v2\/comments?post=16983"}],"version-history":[{"count":0,"href":"https:\/\/www.radiopresidenteibanez.cl\/web\/wp-json\/wp\/v2\/posts\/16983\/revisions"}],"wp:featuredmedia":[{"embeddable":true,"href":"https:\/\/www.radiopresidenteibanez.cl\/web\/wp-json\/wp\/v2\/media\/16984"}],"wp:attachment":[{"href":"https:\/\/www.radiopresidenteibanez.cl\/web\/wp-json\/wp\/v2\/media?parent=16983"}],"wp:term":[{"taxonomy":"category","embeddable":true,"href":"https:\/\/www.radiopresidenteibanez.cl\/web\/wp-json\/wp\/v2\/categories?post=16983"},{"taxonomy":"post_tag","embeddable":true,"href":"https:\/\/www.radiopresidenteibanez.cl\/web\/wp-json\/wp\/v2\/tags?post=16983"}],"curies":[{"name":"wp","href":"https:\/\/api.w.org\/{rel}","templated":true}]}}