{"id":16980,"date":"2020-12-15T17:09:20","date_gmt":"2020-12-15T17:09:20","guid":{"rendered":"https:\/\/www.radiopresidenteibanez.cl\/web\/?p=16980"},"modified":"2020-12-15T17:09:26","modified_gmt":"2020-12-15T17:09:26","slug":"edelmag-informa-sobre-corte-de-suministro-en-sector-alto-de-punta-arenas","status":"publish","type":"post","link":"https:\/\/www.radiopresidenteibanez.cl\/web\/edelmag-informa-sobre-corte-de-suministro-en-sector-alto-de-punta-arenas\/","title":{"rendered":"EDELMAG INFORMA SOBRE CORTE DE SUMINISTRO EN SECTOR ALTO DE PUNTA ARENAS"},"content":{"rendered":"\n<p>En relaci\u00f3n con la interrupci\u00f3n de suministro el\u00e9ctrico que afecta a clientes de Punta Arenas, la Empresa El\u00e9ctrica de Magallanes S.A., informa lo siguiente:<\/p>\n\n\n\n<ul class=\"wp-block-list\"><li>Desde las 12:00 horas permanece interrumpido el suministro el\u00e9ctrico de 246 clientes que se encuentran en la poblaci\u00f3n Seno Almirantazgo, espec\u00edficamente ubicados en las calles General del Canto, Teniente Serrano, Monte Tarn, Monte Burney, Punta Stokes, Paso Adelaida, Cerro York e Isla Button.<\/li><\/ul>\n\n\n\n<ul class=\"wp-block-list\"><li>Lo anterior debido al da\u00f1o de un poste portante de l\u00edneas de media y baja tensi\u00f3n, el que se encontr\u00f3 quebrado en el sector antes mencionado.<\/li><\/ul>\n\n\n\n<ul class=\"wp-block-list\"><li>A esta hora personal de EDELMAG y empresas contratistas, se encuentran realizando las maniobras para reemplazar la estructura da\u00f1ada. Estim\u00e1ndose que \u00e9stas concluyan alrededor de las 17:00 horas.<\/li><\/ul>\n\n\n\n<p>\u00b7&nbsp;&nbsp;&nbsp;&nbsp;&nbsp;&nbsp;&nbsp;&nbsp;&nbsp;EDELMAG S.A., junto con lamentar los inconvenientes provocados por esta situaci\u00f3n ajena a su responsabilidad, recuerda que para sus consultas se encuentra disponible el Fono Clientes 800 800 400 o la cuenta twitter @edelmag_sos. Para una atenci\u00f3n m\u00e1s expedita, es importante que tengan a mano su n\u00famero de cliente que se encuentra impreso en la parte superior de la boleta.<\/p>\n","protected":false},"excerpt":{"rendered":"<p>En relaci\u00f3n con la interrupci\u00f3n de suministro el\u00e9ctrico que afecta a clientes de Punta Arenas, la Empresa El\u00e9ctrica de Magallanes S.A., informa lo siguiente: Desde las 12:00 horas permanece interrumpido&#8230; <a class=\"read-more\" href=\"https:\/\/www.radiopresidenteibanez.cl\/web\/edelmag-informa-sobre-corte-de-suministro-en-sector-alto-de-punta-arenas\/\">Leer m\u00e1s<\/a><\/p>\n","protected":false},"author":2,"featured_media":714,"comment_status":"closed","ping_status":"closed","sticky":false,"template":"","format":"standard","meta":{"footnotes":""},"categories":[1],"tags":[],"class_list":["post-16980","post","type-post","status-publish","format-standard","has-post-thumbnail","hentry","category-cronica"],"_links":{"self":[{"href":"https:\/\/www.radiopresidenteibanez.cl\/web\/wp-json\/wp\/v2\/posts\/16980","targetHints":{"allow":["GET"]}}],"collection":[{"href":"https:\/\/www.radiopresidenteibanez.cl\/web\/wp-json\/wp\/v2\/posts"}],"about":[{"href":"https:\/\/www.radiopresidenteibanez.cl\/web\/wp-json\/wp\/v2\/types\/post"}],"author":[{"embeddable":true,"href":"https:\/\/www.radiopresidenteibanez.cl\/web\/wp-json\/wp\/v2\/users\/2"}],"replies":[{"embeddable":true,"href":"https:\/\/www.radiopresidenteibanez.cl\/web\/wp-json\/wp\/v2\/comments?post=16980"}],"version-history":[{"count":0,"href":"https:\/\/www.radiopresidenteibanez.cl\/web\/wp-json\/wp\/v2\/posts\/16980\/revisions"}],"wp:featuredmedia":[{"embeddable":true,"href":"https:\/\/www.radiopresidenteibanez.cl\/web\/wp-json\/wp\/v2\/media\/714"}],"wp:attachment":[{"href":"https:\/\/www.radiopresidenteibanez.cl\/web\/wp-json\/wp\/v2\/media?parent=16980"}],"wp:term":[{"taxonomy":"category","embeddable":true,"href":"https:\/\/www.radiopresidenteibanez.cl\/web\/wp-json\/wp\/v2\/categories?post=16980"},{"taxonomy":"post_tag","embeddable":true,"href":"https:\/\/www.radiopresidenteibanez.cl\/web\/wp-json\/wp\/v2\/tags?post=16980"}],"curies":[{"name":"wp","href":"https:\/\/api.w.org\/{rel}","templated":true}]}}