{"id":16977,"date":"2020-12-15T02:04:05","date_gmt":"2020-12-15T02:04:05","guid":{"rendered":"https:\/\/www.radiopresidenteibanez.cl\/web\/?p=16977"},"modified":"2020-12-15T02:04:11","modified_gmt":"2020-12-15T02:04:11","slug":"seremi-de-justicia-en-magallanes-renuncio-a-su-cargo","status":"publish","type":"post","link":"https:\/\/www.radiopresidenteibanez.cl\/web\/seremi-de-justicia-en-magallanes-renuncio-a-su-cargo\/","title":{"rendered":"SEREMI DE JUSTICIA EN MAGALLANES RENUNCI\u00d3 A SU CARGO"},"content":{"rendered":"\n<p>La Secretar\u00eda Regional Ministerial de Justicia y Derechos Humanos, informa que el Seremi de la cartera, Fabi\u00e1n Mella Olivos, ha presentado de manera anticipada su renuncia voluntaria al cargo despu\u00e9s de dos a\u00f1os y ocho meses de funciones, la que se har\u00e1 efectiva a partir de este 15 de diciembre.<\/p>\n\n\n\n<p>El abogado, Mag\u00edster en Intervenci\u00f3n Socio Jur\u00eddica y Diplomado en Gesti\u00f3n Tributaria, manifest\u00f3 que su partida obedece exclusivamente a razones de \u00edndole personal, y agradeci\u00f3 la confianza otorgada por el gobierno del Presidente Sebasti\u00e1n Pi\u00f1era para liderar la gesti\u00f3n del sector justicia en el presente periodo.<\/p>\n\n\n\n<p>Junto con ello, valor\u00f3 el apoyo y compromiso de los funcionarios y funcionarias de los servicios dependientes y relacionados de la cartera, as\u00ed como de la secretar\u00eda regional ministerial, destacando la experiencia desarrollada de trabajo en equipo y procurando siempre a trav\u00e9s de este expediente acercar la justicia a la comunidad.<\/p>\n\n\n\n<p>En el intertanto, asumir\u00e1 oficialmente a contar de ma\u00f1ana como subrogante de la cartera la Seremi de Bienes Nacionales, Francisca Rojas Philippi.<\/p>\n","protected":false},"excerpt":{"rendered":"<p>La Secretar\u00eda Regional Ministerial de Justicia y Derechos Humanos, informa que el Seremi de la cartera, Fabi\u00e1n Mella Olivos, ha presentado de manera anticipada su renuncia voluntaria al cargo despu\u00e9s&#8230; <a class=\"read-more\" href=\"https:\/\/www.radiopresidenteibanez.cl\/web\/seremi-de-justicia-en-magallanes-renuncio-a-su-cargo\/\">Leer m\u00e1s<\/a><\/p>\n","protected":false},"author":2,"featured_media":467,"comment_status":"closed","ping_status":"closed","sticky":false,"template":"","format":"standard","meta":{"footnotes":""},"categories":[1],"tags":[],"class_list":["post-16977","post","type-post","status-publish","format-standard","has-post-thumbnail","hentry","category-cronica"],"_links":{"self":[{"href":"https:\/\/www.radiopresidenteibanez.cl\/web\/wp-json\/wp\/v2\/posts\/16977","targetHints":{"allow":["GET"]}}],"collection":[{"href":"https:\/\/www.radiopresidenteibanez.cl\/web\/wp-json\/wp\/v2\/posts"}],"about":[{"href":"https:\/\/www.radiopresidenteibanez.cl\/web\/wp-json\/wp\/v2\/types\/post"}],"author":[{"embeddable":true,"href":"https:\/\/www.radiopresidenteibanez.cl\/web\/wp-json\/wp\/v2\/users\/2"}],"replies":[{"embeddable":true,"href":"https:\/\/www.radiopresidenteibanez.cl\/web\/wp-json\/wp\/v2\/comments?post=16977"}],"version-history":[{"count":0,"href":"https:\/\/www.radiopresidenteibanez.cl\/web\/wp-json\/wp\/v2\/posts\/16977\/revisions"}],"wp:featuredmedia":[{"embeddable":true,"href":"https:\/\/www.radiopresidenteibanez.cl\/web\/wp-json\/wp\/v2\/media\/467"}],"wp:attachment":[{"href":"https:\/\/www.radiopresidenteibanez.cl\/web\/wp-json\/wp\/v2\/media?parent=16977"}],"wp:term":[{"taxonomy":"category","embeddable":true,"href":"https:\/\/www.radiopresidenteibanez.cl\/web\/wp-json\/wp\/v2\/categories?post=16977"},{"taxonomy":"post_tag","embeddable":true,"href":"https:\/\/www.radiopresidenteibanez.cl\/web\/wp-json\/wp\/v2\/tags?post=16977"}],"curies":[{"name":"wp","href":"https:\/\/api.w.org\/{rel}","templated":true}]}}