{"id":16974,"date":"2020-12-15T02:00:21","date_gmt":"2020-12-15T02:00:21","guid":{"rendered":"https:\/\/www.radiopresidenteibanez.cl\/web\/?p=16974"},"modified":"2020-12-15T02:00:28","modified_gmt":"2020-12-15T02:00:28","slug":"autoridad-maritima-realizo-vigilancia-a-pesqueros-internacionales-en-transito-por-el-estrecho-de-magallanes","status":"publish","type":"post","link":"https:\/\/www.radiopresidenteibanez.cl\/web\/autoridad-maritima-realizo-vigilancia-a-pesqueros-internacionales-en-transito-por-el-estrecho-de-magallanes\/","title":{"rendered":"AUTORIDAD MAR\u00cdTIMA REALIZ\u00d3 VIGILANCIA A PESQUEROS INTERNACIONALES EN TR\u00c1NSITO POR EL ESTRECHO DE MAGALLANES"},"content":{"rendered":"\n<p>Durante la jornada del 14 de diciembre la Autoridad Mar\u00edtima realiz\u00f3 labores de vigilancia a pesqueros internacionales, en tr\u00e1nsito por el Estrecho de Magallanes.<\/p>\n\n\n\n<p>Para estos efectos, el Avi\u00f3n de Exploraci\u00f3n Aeromar\u00edtima N-264 fue desplegado con el objetivo de realizar vigilancia a\u00e9rea en el sector de Isla Carlos III a Paso Froward, en direcci\u00f3n a Punta Arenas, verificando la ruta de los pesqueros y su avance.<\/p>\n\n\n\n<p>Asimismo, la Lancha de Servicio General LSG-1619 \u201cPunta Arenas\u201d fue desplegada al sector de San Juan, a unos 60 kil\u00f3metros al sur de la capital regional, con el objetivo de realizar vigilancia y control a dos pesqueros con bandera de la Rep\u00fablica Popular China, los cuales realizan tr\u00e1nsito desde el Oc\u00e9ano Pac\u00edfico al Atl\u00e1ntico, con el objetivo de cambiar su \u00e1rea de operaci\u00f3n pesquera.<\/p>\n\n\n\n<p>La Gobernaci\u00f3n Mar\u00edtima de Punta Arenas, realiza monitoreo de las mencionadas naves desde su ingreso a las aguas jurisdiccionales, manteniendo un permanente monitoreo de la ubicaci\u00f3n, velocidad y direcci\u00f3n de estas en todo momento.<\/p>\n\n\n\n<p>El Comandante de la LSG 1619 \u201cPunta Arenas\u201d, Teniente 1\u00b0 (LT) Eduardo Hidalgo, se\u00f1al\u00f3 que \u201cdurante la jornada se realizaron labores de vigilancia y control a dos naves pesqueras chinas, las cuales est\u00e1n siendo monitoreadas y controladas para verificar que no est\u00e9n realizando operaciones de explotaci\u00f3n pesquera en el territorio mar\u00edtimo nacional\u201d.<\/p>\n\n\n\n<p>La Instituci\u00f3n se mantiene alerta en resguardo de la Seguridad e Intereses Territoriales Mar\u00edtimos, manteniendo todos los medios humanos y materiales listos para ser desplegados en protecci\u00f3n de los intereses nacionales y salvaguardar la vida humana en el mar.<\/p>\n","protected":false},"excerpt":{"rendered":"<p>Durante la jornada del 14 de diciembre la Autoridad Mar\u00edtima realiz\u00f3 labores de vigilancia a pesqueros internacionales, en tr\u00e1nsito por el Estrecho de Magallanes. Para estos efectos, el Avi\u00f3n de&#8230; <a class=\"read-more\" href=\"https:\/\/www.radiopresidenteibanez.cl\/web\/autoridad-maritima-realizo-vigilancia-a-pesqueros-internacionales-en-transito-por-el-estrecho-de-magallanes\/\">Leer m\u00e1s<\/a><\/p>\n","protected":false},"author":2,"featured_media":16975,"comment_status":"closed","ping_status":"closed","sticky":false,"template":"","format":"standard","meta":{"footnotes":""},"categories":[1],"tags":[],"class_list":["post-16974","post","type-post","status-publish","format-standard","has-post-thumbnail","hentry","category-cronica"],"_links":{"self":[{"href":"https:\/\/www.radiopresidenteibanez.cl\/web\/wp-json\/wp\/v2\/posts\/16974","targetHints":{"allow":["GET"]}}],"collection":[{"href":"https:\/\/www.radiopresidenteibanez.cl\/web\/wp-json\/wp\/v2\/posts"}],"about":[{"href":"https:\/\/www.radiopresidenteibanez.cl\/web\/wp-json\/wp\/v2\/types\/post"}],"author":[{"embeddable":true,"href":"https:\/\/www.radiopresidenteibanez.cl\/web\/wp-json\/wp\/v2\/users\/2"}],"replies":[{"embeddable":true,"href":"https:\/\/www.radiopresidenteibanez.cl\/web\/wp-json\/wp\/v2\/comments?post=16974"}],"version-history":[{"count":0,"href":"https:\/\/www.radiopresidenteibanez.cl\/web\/wp-json\/wp\/v2\/posts\/16974\/revisions"}],"wp:featuredmedia":[{"embeddable":true,"href":"https:\/\/www.radiopresidenteibanez.cl\/web\/wp-json\/wp\/v2\/media\/16975"}],"wp:attachment":[{"href":"https:\/\/www.radiopresidenteibanez.cl\/web\/wp-json\/wp\/v2\/media?parent=16974"}],"wp:term":[{"taxonomy":"category","embeddable":true,"href":"https:\/\/www.radiopresidenteibanez.cl\/web\/wp-json\/wp\/v2\/categories?post=16974"},{"taxonomy":"post_tag","embeddable":true,"href":"https:\/\/www.radiopresidenteibanez.cl\/web\/wp-json\/wp\/v2\/tags?post=16974"}],"curies":[{"name":"wp","href":"https:\/\/api.w.org\/{rel}","templated":true}]}}