{"id":16972,"date":"2020-12-15T01:50:47","date_gmt":"2020-12-15T01:50:47","guid":{"rendered":"https:\/\/www.radiopresidenteibanez.cl\/web\/?p=16972"},"modified":"2020-12-16T00:27:15","modified_gmt":"2020-12-16T00:27:15","slug":"541-dias-de-presidio-efectivo-por-manejar-ebrio-y-causar-danos-541-dias-de-presidio-efectivo-por-manejar-ebrio-y-causar-danos","status":"publish","type":"post","link":"https:\/\/www.radiopresidenteibanez.cl\/web\/541-dias-de-presidio-efectivo-por-manejar-ebrio-y-causar-danos-541-dias-de-presidio-efectivo-por-manejar-ebrio-y-causar-danos\/","title":{"rendered":"541 DIAS DE PRESIDIO EFECTIVO POR MANEJAR EBRIO Y CAUSAR DA\u00d1OS"},"content":{"rendered":"\n<p>A&nbsp; 541 d\u00edas de presidio\nefectivo,&nbsp; al pago de una multa de dos\nUTM y a la suspensi\u00f3n de su licencia de conducir por el lapso de dos a\u00f1os&nbsp; fue condenado hoy, Jonathan Richard Alexis Hermosilla Ovando, como autor del delito\nconsumado de conducci\u00f3n de veh\u00edculo motorizado en estado de\nebriedad, causando da\u00f1os.<\/p>\n\n\n\n<p>Cabe\nrecordar que el fiscal Sebasti\u00e1n Gonz\u00e1lez,\nacredit\u00f3 en juicio que el 21 de abril de 2019,\na eso de las 11:50 horas aproximadamente, Hermosilla Ovando condujo, en estado de ebriedad y sin haber obtenido licencia de conducir, la camioneta Chevrolet, patente AE.4988 por avenida Mart\u00ednez de Aldunate,\nchocando en su parte posterior un furg\u00f3n, causando da\u00f1os arrojando su examen de alcoholemia una cantidad\nde alcohol en sangre de 2, 74 gramos por litro.<\/p>\n","protected":false},"excerpt":{"rendered":"<p>A&nbsp; 541 d\u00edas de presidio efectivo,&nbsp; al pago de una multa de dos UTM y a la suspensi\u00f3n de su licencia de conducir por el lapso de dos a\u00f1os&nbsp; fue&#8230; <a class=\"read-more\" href=\"https:\/\/www.radiopresidenteibanez.cl\/web\/541-dias-de-presidio-efectivo-por-manejar-ebrio-y-causar-danos-541-dias-de-presidio-efectivo-por-manejar-ebrio-y-causar-danos\/\">Leer m\u00e1s<\/a><\/p>\n","protected":false},"author":2,"featured_media":740,"comment_status":"closed","ping_status":"closed","sticky":false,"template":"","format":"standard","meta":{"footnotes":""},"categories":[1],"tags":[],"class_list":["post-16972","post","type-post","status-publish","format-standard","has-post-thumbnail","hentry","category-cronica"],"_links":{"self":[{"href":"https:\/\/www.radiopresidenteibanez.cl\/web\/wp-json\/wp\/v2\/posts\/16972","targetHints":{"allow":["GET"]}}],"collection":[{"href":"https:\/\/www.radiopresidenteibanez.cl\/web\/wp-json\/wp\/v2\/posts"}],"about":[{"href":"https:\/\/www.radiopresidenteibanez.cl\/web\/wp-json\/wp\/v2\/types\/post"}],"author":[{"embeddable":true,"href":"https:\/\/www.radiopresidenteibanez.cl\/web\/wp-json\/wp\/v2\/users\/2"}],"replies":[{"embeddable":true,"href":"https:\/\/www.radiopresidenteibanez.cl\/web\/wp-json\/wp\/v2\/comments?post=16972"}],"version-history":[{"count":0,"href":"https:\/\/www.radiopresidenteibanez.cl\/web\/wp-json\/wp\/v2\/posts\/16972\/revisions"}],"wp:featuredmedia":[{"embeddable":true,"href":"https:\/\/www.radiopresidenteibanez.cl\/web\/wp-json\/wp\/v2\/media\/740"}],"wp:attachment":[{"href":"https:\/\/www.radiopresidenteibanez.cl\/web\/wp-json\/wp\/v2\/media?parent=16972"}],"wp:term":[{"taxonomy":"category","embeddable":true,"href":"https:\/\/www.radiopresidenteibanez.cl\/web\/wp-json\/wp\/v2\/categories?post=16972"},{"taxonomy":"post_tag","embeddable":true,"href":"https:\/\/www.radiopresidenteibanez.cl\/web\/wp-json\/wp\/v2\/tags?post=16972"}],"curies":[{"name":"wp","href":"https:\/\/api.w.org\/{rel}","templated":true}]}}