{"id":1697,"date":"2019-02-28T00:55:47","date_gmt":"2019-02-28T00:55:47","guid":{"rendered":"http:\/\/www.radiopresidenteibanez.cl\/web\/?p=1697"},"modified":"2019-02-28T00:55:55","modified_gmt":"2019-02-28T00:55:55","slug":"mujer-de-89-anos-sufrio-lesiones-luego-de-ser-atropellada-por-un-bus-en-uno-de-los-sectores-de-estacionamiento-del-hospital-clinico-de-magallanes","status":"publish","type":"post","link":"https:\/\/www.radiopresidenteibanez.cl\/web\/mujer-de-89-anos-sufrio-lesiones-luego-de-ser-atropellada-por-un-bus-en-uno-de-los-sectores-de-estacionamiento-del-hospital-clinico-de-magallanes\/","title":{"rendered":"MUJER DE 89 A\u00d1OS SUFRI\u00d3 LESIONES LUEGO DE SER ATROPELLADA POR UN BUS EN UNO DE LOS SECTORES DE ESTACIONAMIENTO DEL HOSPITAL CL\u00cdNICO DE MAGALLANES"},"content":{"rendered":"\n<p>En horas de la ma\u00f1ana de este mi\u00e9rcoles,\nuna mujer de 89 a\u00f1os fue atropellada por un bus de la empresa \u201cV\u00eda Austral\u201d,\nluego de que la adulta mayor resbalara con la acerca de uno de los sectores del\nestacionamiento del Hospital Cl\u00ednico de Magallanes.<\/p>\n\n\n\n<p>A ra\u00edz de lo anterior, la mujer\nquien fuera atendida por personal del centro m\u00e9dico y el conductor del bus,\nsufri\u00f3 lesiones de car\u00e1cter graves, por su parte el chofer que se encontraba en\nestado de schock por la situaci\u00f3n, entreg\u00f3 toda la informaci\u00f3n a personal\npolicial.<\/p>\n","protected":false},"excerpt":{"rendered":"<p>En horas de la ma\u00f1ana de este mi\u00e9rcoles, una mujer de 89 a\u00f1os fue atropellada por un bus de la empresa \u201cV\u00eda Austral\u201d, luego de que la adulta mayor resbalara&#8230; <a class=\"read-more\" href=\"https:\/\/www.radiopresidenteibanez.cl\/web\/mujer-de-89-anos-sufrio-lesiones-luego-de-ser-atropellada-por-un-bus-en-uno-de-los-sectores-de-estacionamiento-del-hospital-clinico-de-magallanes\/\">Leer m\u00e1s<\/a><\/p>\n","protected":false},"author":2,"featured_media":57,"comment_status":"closed","ping_status":"closed","sticky":false,"template":"","format":"standard","meta":{"footnotes":""},"categories":[1],"tags":[],"class_list":["post-1697","post","type-post","status-publish","format-standard","has-post-thumbnail","hentry","category-cronica"],"_links":{"self":[{"href":"https:\/\/www.radiopresidenteibanez.cl\/web\/wp-json\/wp\/v2\/posts\/1697","targetHints":{"allow":["GET"]}}],"collection":[{"href":"https:\/\/www.radiopresidenteibanez.cl\/web\/wp-json\/wp\/v2\/posts"}],"about":[{"href":"https:\/\/www.radiopresidenteibanez.cl\/web\/wp-json\/wp\/v2\/types\/post"}],"author":[{"embeddable":true,"href":"https:\/\/www.radiopresidenteibanez.cl\/web\/wp-json\/wp\/v2\/users\/2"}],"replies":[{"embeddable":true,"href":"https:\/\/www.radiopresidenteibanez.cl\/web\/wp-json\/wp\/v2\/comments?post=1697"}],"version-history":[{"count":0,"href":"https:\/\/www.radiopresidenteibanez.cl\/web\/wp-json\/wp\/v2\/posts\/1697\/revisions"}],"wp:featuredmedia":[{"embeddable":true,"href":"https:\/\/www.radiopresidenteibanez.cl\/web\/wp-json\/wp\/v2\/media\/57"}],"wp:attachment":[{"href":"https:\/\/www.radiopresidenteibanez.cl\/web\/wp-json\/wp\/v2\/media?parent=1697"}],"wp:term":[{"taxonomy":"category","embeddable":true,"href":"https:\/\/www.radiopresidenteibanez.cl\/web\/wp-json\/wp\/v2\/categories?post=1697"},{"taxonomy":"post_tag","embeddable":true,"href":"https:\/\/www.radiopresidenteibanez.cl\/web\/wp-json\/wp\/v2\/tags?post=1697"}],"curies":[{"name":"wp","href":"https:\/\/api.w.org\/{rel}","templated":true}]}}