{"id":16969,"date":"2020-12-15T01:44:12","date_gmt":"2020-12-15T01:44:12","guid":{"rendered":"https:\/\/www.radiopresidenteibanez.cl\/web\/?p=16969"},"modified":"2020-12-15T01:44:18","modified_gmt":"2020-12-15T01:44:18","slug":"agrupaciones-magallanicas-se-adjudicaron-fondo-concursable-para-trabajo-en-prevencion-rehabilitacion-y-salud-mental","status":"publish","type":"post","link":"https:\/\/www.radiopresidenteibanez.cl\/web\/agrupaciones-magallanicas-se-adjudicaron-fondo-concursable-para-trabajo-en-prevencion-rehabilitacion-y-salud-mental\/","title":{"rendered":"AGRUPACIONES MAGALL\u00c1NICAS SE ADJUDICARON FONDO CONCURSABLE PARA TRABAJO EN PREVENCI\u00d3N, REHABILITACI\u00d3N Y SALUD MENTAL"},"content":{"rendered":"\n<p>Dos agrupaciones magall\u00e1nicas que trabajan en la promoci\u00f3n, prevenci\u00f3n,\nrehabilitaci\u00f3n y abordaje comunitario del consumo de alcohol y otras drogas, fueron\nbeneficiadas con la adjudicaci\u00f3n del Fondo Concursable para trabajo en\nprevenci\u00f3n de Alcohol y Salud Mental 2020 del Servicio de Salud Magallanes.<\/p>\n\n\n\n<p>El fondo cuyo objetivo es favorecer la adherencia y continuidad de tratamiento\ny rehabilitaci\u00f3n de las personas con consumo problem\u00e1tico de alcohol y otras drogas,\na la vez de desarrollar estrategias de prevenci\u00f3n y promover estilos de vida saludable,\nes entregado por 5to a\u00f1o consecutivo en Magallanes.<\/p>\n\n\n\n<p>Las agrupaciones ganadoras la presente versi\u00f3n, cuentan con vasta\ntrayectoria en trabajo comunitario y de rehabilitaci\u00f3n de personas con consumo\nproblem\u00e1tico de drogas y alcohol, siendo favorecidas con antelaci\u00f3n por estos fondos\nconcursables.<\/p>\n\n\n\n<p>Carol Farias, jefa de la Unidad T\u00e9cnica de Programas en Convenio SENDA,\ndel Dpto. de Salud Mental del Servicio de Salud Magallanes, coment\u00f3 que, \u201ceste\na\u00f1o 2020, se presentaron 2 agrupaciones, uno con una propuesta de arte terapia,\ndonde la idea es abarcar trabajo con j\u00f3venes del \u00e1rea tratamiento del \u00e1rea residencial,\nsiendo este a\u00f1o una actividad muy necesaria ya que estamos en tiempo de pandemia,\ndonde es muy dif\u00edcil otorgar una oferta m\u00e1s atractiva para los j\u00f3venes y la\nsegunda propuesta, mescla una ayuda social con el proceso de tratamiento, que\nbusca otorgar un apoyo en la entrega de insumos alimenticios, resignificando el\nproceso de celebraci\u00f3n de las fiestas de fin de a\u00f1o y procurar tambi\u00e9n con esto\nun acercamiento entre el terapeuta y el usuario, dentro de esta propuesta la\nidea es realizar visitas para la entrega de estos insumos por parte de los terapeutas,\ntanto en Punta Arenas como en Puerto Natales y luego, generar una instancia de\nactividad grupal a trav\u00e9s de medios tecnol\u00f3gicos\u201d, puntualiz\u00f3 la profesional.<\/p>\n\n\n\n<p>En este sentido, los proyectos aprobados la presente versi\u00f3n fueron \u201cEl\narte terapia para la salud mental\u201d de la agrupaci\u00f3n J\u00f3venes sin Fronteras y, \u201cFestividades\ndistintas\u201d de la Agrupaci\u00f3n Sociocultural KMOL; la comisi\u00f3n designada\nespecialmente para estos efectos, estuvo integrada por Tatiana Leuqu\u00e9n en\nrepresentaci\u00f3n de los Consejos de Desarrollo, por la jefe Dpto. de\nParticipaci\u00f3n del Servicio de Salud, Daniella Bizama; por la Jefa de Unidad\nT\u00e9cnica programas en Convenio, Carol Farias y por la representante de la Subdirecci\u00f3n\nde Atenci\u00f3n Primaria, Camila Velasquez.<\/p>\n\n\n\n<p>Uno de los grupos beneficiados con estos fondos ser\u00e1n los j\u00f3venes del Programa\nde Tratamiento Ambulatorio y Residencial F\u00cbR\u00c9NECHEN; Katherine Coyopae, jefa\nt\u00e9cnica del programa, coment\u00f3 que se encontraban muy contentos con la\nadjudicaci\u00f3n del proyecto El Arte es terapia para la Salud Mental. \u201cEl objetivo\nde la propuesta, es realizar talleres destinados a los j\u00f3venes que son\nbeneficiarios del programa, considerando adem\u00e1s la situaci\u00f3n sanitaria actual y\nla disminuci\u00f3n de la oferta program\u00e1tica recreativas al encontrarnos en fase de\ncuarentena, por lo que este proyecto beneficia la metodolog\u00eda de intervenci\u00f3n,\nfacilitando la comunicaci\u00f3n y expresi\u00f3n de emociones, pensamientos y\nsensaciones por medio del arte, proponiendo la b\u00fasqueda de alternativas en el\nbienestar de los adolescentes que presentan un consumo de sustancias\u201d, indic\u00f3\nla profesional.<\/p>\n\n\n\n<p>Por su parte, Luis Alvarado, representante de la agrupaci\u00f3n KMOL, comento\nque, \u201cestamos muy contentos de haber obtenido un nuevo fondo concursable de\nalcoholismo y salud mental, nuestra agrupaci\u00f3n KMOL que ya lleva 17 a\u00f1os de\nexistencia, ha participado varias veces de estos fondos que, para nosotros, son\nde mucha importancia y que nos motiva a participar a lograr recursos para los\nusuarios de los distintos programas que trabajan con el tema drogas\u201d, indic\u00f3.<\/p>\n\n\n\n<p>Agregando que, se sienten muy contentos de haber participado y de que\nel Servicio de Salud conf\u00ede en su trabajo. <\/p>\n","protected":false},"excerpt":{"rendered":"<p>Dos agrupaciones magall\u00e1nicas que trabajan en la promoci\u00f3n, prevenci\u00f3n, rehabilitaci\u00f3n y abordaje comunitario del consumo de alcohol y otras drogas, fueron beneficiadas con la adjudicaci\u00f3n del Fondo Concursable para trabajo&#8230; <a class=\"read-more\" href=\"https:\/\/www.radiopresidenteibanez.cl\/web\/agrupaciones-magallanicas-se-adjudicaron-fondo-concursable-para-trabajo-en-prevencion-rehabilitacion-y-salud-mental\/\">Leer m\u00e1s<\/a><\/p>\n","protected":false},"author":2,"featured_media":16970,"comment_status":"closed","ping_status":"closed","sticky":false,"template":"","format":"standard","meta":{"footnotes":""},"categories":[1],"tags":[],"class_list":["post-16969","post","type-post","status-publish","format-standard","has-post-thumbnail","hentry","category-cronica"],"_links":{"self":[{"href":"https:\/\/www.radiopresidenteibanez.cl\/web\/wp-json\/wp\/v2\/posts\/16969","targetHints":{"allow":["GET"]}}],"collection":[{"href":"https:\/\/www.radiopresidenteibanez.cl\/web\/wp-json\/wp\/v2\/posts"}],"about":[{"href":"https:\/\/www.radiopresidenteibanez.cl\/web\/wp-json\/wp\/v2\/types\/post"}],"author":[{"embeddable":true,"href":"https:\/\/www.radiopresidenteibanez.cl\/web\/wp-json\/wp\/v2\/users\/2"}],"replies":[{"embeddable":true,"href":"https:\/\/www.radiopresidenteibanez.cl\/web\/wp-json\/wp\/v2\/comments?post=16969"}],"version-history":[{"count":0,"href":"https:\/\/www.radiopresidenteibanez.cl\/web\/wp-json\/wp\/v2\/posts\/16969\/revisions"}],"wp:featuredmedia":[{"embeddable":true,"href":"https:\/\/www.radiopresidenteibanez.cl\/web\/wp-json\/wp\/v2\/media\/16970"}],"wp:attachment":[{"href":"https:\/\/www.radiopresidenteibanez.cl\/web\/wp-json\/wp\/v2\/media?parent=16969"}],"wp:term":[{"taxonomy":"category","embeddable":true,"href":"https:\/\/www.radiopresidenteibanez.cl\/web\/wp-json\/wp\/v2\/categories?post=16969"},{"taxonomy":"post_tag","embeddable":true,"href":"https:\/\/www.radiopresidenteibanez.cl\/web\/wp-json\/wp\/v2\/tags?post=16969"}],"curies":[{"name":"wp","href":"https:\/\/api.w.org\/{rel}","templated":true}]}}