{"id":16966,"date":"2020-12-15T01:38:34","date_gmt":"2020-12-15T01:38:34","guid":{"rendered":"https:\/\/www.radiopresidenteibanez.cl\/web\/?p=16966"},"modified":"2020-12-15T01:38:40","modified_gmt":"2020-12-15T01:38:40","slug":"cambio-de-mando-se-efectuo-en-la-v-division-de-ejercito","status":"publish","type":"post","link":"https:\/\/www.radiopresidenteibanez.cl\/web\/cambio-de-mando-se-efectuo-en-la-v-division-de-ejercito\/","title":{"rendered":"CAMBIO DE MANDO SE EFECTU\u00d3 EN LA V DIVISI\u00d3N DE EJ\u00c9RCITO"},"content":{"rendered":"\n<p>En el Patio de Honor del Cuartel de Tropas Divisionarias, sector\nde Ojo Bueno, se llev\u00f3 a cabo a las 08:00 hrs, bajo estrictas medidas\nsanitarias, la Ceremonia de Cambio de Mando, donde el Comandante en Jefe de la\nV DE, General de Divisi\u00f3n Rodrigo Ventura Sancho, hizo entrega del mando al\nGeneral de Brigada Sergio Est\u00e9vez Valencia.<\/p>\n\n\n\n<p>La ceremonia, de car\u00e1cter interno, cont\u00f3 con la presencia del\nComandante de Operaciones Terrestres como Oficial Interventor, General de\nDivisi\u00f3n Esteban Guarda Barros, quien hizo lectura del Decreto Supremo, donde\nse dispuso el cambio de mando de esta Unidad de Armas Combinadas.<\/p>\n\n\n\n<p>Posteriormente el Jefe de Estado Mayor y Comandante del Cuartel General\nde la V DE, Coronel Paul Infante Posada junto al Suboficial Mayor de Comando Luis\nBecerra Bustos, en representaci\u00f3n de las unidades que conforman la V DE, le\nhicieron entrega del gallardete de mando que acompa\u00f1\u00f3 al General de Divisi\u00f3n\nRodrigo Ventura Sancho durante su gesti\u00f3n. <\/p>\n\n\n\n<p>El General Ventura, fue destinado a la ciudad de Santiago donde\nse desempe\u00f1ar\u00e1 como Comandante de Apoyo a la Fuerza.<\/p>\n","protected":false},"excerpt":{"rendered":"<p>En el Patio de Honor del Cuartel de Tropas Divisionarias, sector de Ojo Bueno, se llev\u00f3 a cabo a las 08:00 hrs, bajo estrictas medidas sanitarias, la Ceremonia de Cambio&#8230; <a class=\"read-more\" href=\"https:\/\/www.radiopresidenteibanez.cl\/web\/cambio-de-mando-se-efectuo-en-la-v-division-de-ejercito\/\">Leer m\u00e1s<\/a><\/p>\n","protected":false},"author":2,"featured_media":16967,"comment_status":"closed","ping_status":"closed","sticky":false,"template":"","format":"standard","meta":{"footnotes":""},"categories":[1],"tags":[],"class_list":["post-16966","post","type-post","status-publish","format-standard","has-post-thumbnail","hentry","category-cronica"],"_links":{"self":[{"href":"https:\/\/www.radiopresidenteibanez.cl\/web\/wp-json\/wp\/v2\/posts\/16966","targetHints":{"allow":["GET"]}}],"collection":[{"href":"https:\/\/www.radiopresidenteibanez.cl\/web\/wp-json\/wp\/v2\/posts"}],"about":[{"href":"https:\/\/www.radiopresidenteibanez.cl\/web\/wp-json\/wp\/v2\/types\/post"}],"author":[{"embeddable":true,"href":"https:\/\/www.radiopresidenteibanez.cl\/web\/wp-json\/wp\/v2\/users\/2"}],"replies":[{"embeddable":true,"href":"https:\/\/www.radiopresidenteibanez.cl\/web\/wp-json\/wp\/v2\/comments?post=16966"}],"version-history":[{"count":0,"href":"https:\/\/www.radiopresidenteibanez.cl\/web\/wp-json\/wp\/v2\/posts\/16966\/revisions"}],"wp:featuredmedia":[{"embeddable":true,"href":"https:\/\/www.radiopresidenteibanez.cl\/web\/wp-json\/wp\/v2\/media\/16967"}],"wp:attachment":[{"href":"https:\/\/www.radiopresidenteibanez.cl\/web\/wp-json\/wp\/v2\/media?parent=16966"}],"wp:term":[{"taxonomy":"category","embeddable":true,"href":"https:\/\/www.radiopresidenteibanez.cl\/web\/wp-json\/wp\/v2\/categories?post=16966"},{"taxonomy":"post_tag","embeddable":true,"href":"https:\/\/www.radiopresidenteibanez.cl\/web\/wp-json\/wp\/v2\/tags?post=16966"}],"curies":[{"name":"wp","href":"https:\/\/api.w.org\/{rel}","templated":true}]}}