{"id":16957,"date":"2020-12-14T18:31:36","date_gmt":"2020-12-14T18:31:36","guid":{"rendered":"https:\/\/www.radiopresidenteibanez.cl\/web\/?p=16957"},"modified":"2020-12-14T18:31:42","modified_gmt":"2020-12-14T18:31:42","slug":"mercado-campesino-regresa-el-miercoles-con-hortalizas-frescas-saludables-e-inocuas","status":"publish","type":"post","link":"https:\/\/www.radiopresidenteibanez.cl\/web\/mercado-campesino-regresa-el-miercoles-con-hortalizas-frescas-saludables-e-inocuas\/","title":{"rendered":"MERCADO CAMPESINO REGRESA EL MI\u00c9RCOLES CON HORTALIZAS FRESCAS, SALUDABLES E INOCUAS"},"content":{"rendered":"\n<p>La \u00faltima gran feria que congreg\u00f3 en dos d\u00edas a m\u00e1s de 10 mil personas ocurri\u00f3 en el mes de marzo, ah\u00ed la ExpoMundoRural 2020, organizada por INDAP, present\u00f3 lo mejor de la agricultura y artesan\u00eda regional. Hoy, la fiesta campesina se repite, en un espacio m\u00e1s peque\u00f1o y con menos campesinos, pero con los mismos productos frescos, sanos e inocuos que distinguen a la agricultura de la zona austral.&nbsp;<\/p>\n\n\n\n<p>La actividad programada para el pr\u00f3ximo mi\u00e9rcoles 16 de diciembre, entre las 11 y 17 horas, se realizar\u00e1 en Los Generales 0350, Villa Las Nieves.&nbsp;&nbsp;&nbsp;&nbsp;<\/p>\n\n\n\n<p>En la ocasi\u00f3n, cerca de 15 agricultores, usuarios de INDAP, ofrecer\u00e1n sus productos de temporada, en un espacio amplio para estacionar y con todos los protocolos sanitarios activados. &nbsp;<\/p>\n\n\n\n<p>Frutillas, rabanitos, ruibarbo y&nbsp;hortalizas&nbsp;frescas&nbsp;destacan en Mercado Campesino.&nbsp;&nbsp;Se trata de productos reci\u00e9n cosechados que vcan directo a la mesa del comensal.&nbsp;<\/p>\n\n\n\n<p>Tambi\u00e9n ser\u00e1n parte&nbsp;de&nbsp;la atracci\u00f3n ruibarbos, rabanitos, acelgas, nabos, repollos, plantas ornamentales, y procesados.&nbsp;&nbsp;<\/p>\n\n\n\n<p>Por su parte, el director regional de INDAP, Petar Bradasic, manifest\u00f3 que \u201cNo existe&nbsp;desarrollo si no existe un resultado econ\u00f3mico para nuestros productores, por tanto, este apoyo que entrega Indap a nuestros agricultores va en la direcci\u00f3n correcta&nbsp;de&nbsp;propiciar un comercio justo donde el productor se encuentra directamente con el consumidor\u00bb.<br>Uno&nbsp;de&nbsp;los productos que m\u00e1s vendidos en Mercado Campesino organizado por INDAP son las frutillas.&nbsp;&nbsp;\u201cEst\u00e1n&nbsp;de&nbsp;moda, por sabor, calidad y rentabilidad.&nbsp;&nbsp;S\u00f3lo en Punta Arenas hay m\u00e1s&nbsp;de&nbsp;15 nuevos productores y en Puerto Natales alcanzamos la in\u00e9dita producci\u00f3n&nbsp;de&nbsp;15 toneladas por temporada.&nbsp;&nbsp;Esto gracias al esfuerzo&nbsp;de&nbsp;los propios campesinos y los aportes&nbsp;del convenio suscrito entre Indap y el Gobierno Regional que han ayudado a mejorar la infraestructura y capacitaci\u00f3n\u201d, explic\u00f3 Bradasic.&nbsp;<\/p>\n\n\n\n<p>Finalmente, hizo un llamado para apoyar a los agricultores de la regi\u00f3n y preferir los productos de corte local como artesan\u00eda y procesados y tambi\u00e9n las hortalizas frescas y naturales que se dan en la Patagonia. &nbsp;&nbsp;<\/p>\n\n\n\n<p>\u201cEstamos muy preocupados por la situaci\u00f3n que vive el mundo y creemos que es importante el resguardo, y mantener una alimentaci\u00f3n sana para el cuidado de nuestra salud. Nuestros agricultores entregan productos sanos, sin qu\u00edmicos ni golpes de fr\u00edo. Es un alimento que va directo del campo a la mesa\u201d, asegur\u00f3.&nbsp;&nbsp;<br><\/p>\n","protected":false},"excerpt":{"rendered":"<p>La \u00faltima gran feria que congreg\u00f3 en dos d\u00edas a m\u00e1s de 10 mil personas ocurri\u00f3 en el mes de marzo, ah\u00ed la ExpoMundoRural 2020, organizada por INDAP, present\u00f3 lo&#8230; <a class=\"read-more\" href=\"https:\/\/www.radiopresidenteibanez.cl\/web\/mercado-campesino-regresa-el-miercoles-con-hortalizas-frescas-saludables-e-inocuas\/\">Leer m\u00e1s<\/a><\/p>\n","protected":false},"author":2,"featured_media":16958,"comment_status":"closed","ping_status":"closed","sticky":false,"template":"","format":"standard","meta":{"footnotes":""},"categories":[1],"tags":[],"class_list":["post-16957","post","type-post","status-publish","format-standard","has-post-thumbnail","hentry","category-cronica"],"_links":{"self":[{"href":"https:\/\/www.radiopresidenteibanez.cl\/web\/wp-json\/wp\/v2\/posts\/16957","targetHints":{"allow":["GET"]}}],"collection":[{"href":"https:\/\/www.radiopresidenteibanez.cl\/web\/wp-json\/wp\/v2\/posts"}],"about":[{"href":"https:\/\/www.radiopresidenteibanez.cl\/web\/wp-json\/wp\/v2\/types\/post"}],"author":[{"embeddable":true,"href":"https:\/\/www.radiopresidenteibanez.cl\/web\/wp-json\/wp\/v2\/users\/2"}],"replies":[{"embeddable":true,"href":"https:\/\/www.radiopresidenteibanez.cl\/web\/wp-json\/wp\/v2\/comments?post=16957"}],"version-history":[{"count":0,"href":"https:\/\/www.radiopresidenteibanez.cl\/web\/wp-json\/wp\/v2\/posts\/16957\/revisions"}],"wp:featuredmedia":[{"embeddable":true,"href":"https:\/\/www.radiopresidenteibanez.cl\/web\/wp-json\/wp\/v2\/media\/16958"}],"wp:attachment":[{"href":"https:\/\/www.radiopresidenteibanez.cl\/web\/wp-json\/wp\/v2\/media?parent=16957"}],"wp:term":[{"taxonomy":"category","embeddable":true,"href":"https:\/\/www.radiopresidenteibanez.cl\/web\/wp-json\/wp\/v2\/categories?post=16957"},{"taxonomy":"post_tag","embeddable":true,"href":"https:\/\/www.radiopresidenteibanez.cl\/web\/wp-json\/wp\/v2\/tags?post=16957"}],"curies":[{"name":"wp","href":"https:\/\/api.w.org\/{rel}","templated":true}]}}