{"id":16954,"date":"2020-12-14T16:42:05","date_gmt":"2020-12-14T16:42:05","guid":{"rendered":"https:\/\/www.radiopresidenteibanez.cl\/web\/?p=16954"},"modified":"2020-12-14T16:42:10","modified_gmt":"2020-12-14T16:42:10","slug":"punta-arenas-avanza-a-fase-2-del-plan-paso-a-paso","status":"publish","type":"post","link":"https:\/\/www.radiopresidenteibanez.cl\/web\/punta-arenas-avanza-a-fase-2-del-plan-paso-a-paso\/","title":{"rendered":"PUNTA ARENAS AVANZA A FASE 2 DEL PLAN \u00abPASO A PASO\u00bb"},"content":{"rendered":"\n<p>En horas de la ma\u00f1ana, la informaci\u00f3n fue entregada por el alcalde de la comuna de Punta Arenas, posteriormente ratificado por el ministro de Salud y la Subsecretaria de Prevenci\u00f3n del Delito, por lo anterior, desde este jueves la ciudad capital de Magallanes pasar\u00e1 a fase 2 y el toque de queda en toda la regi\u00f3n de Magallanes comenzar\u00e1 a las 22:00 y terminar\u00e1 a las 05:00 horas.<\/p>\n","protected":false},"excerpt":{"rendered":"<p>En horas de la ma\u00f1ana, la informaci\u00f3n fue entregada por el alcalde de la comuna de Punta Arenas, posteriormente ratificado por el ministro de Salud y la Subsecretaria de Prevenci\u00f3n&#8230; <a class=\"read-more\" href=\"https:\/\/www.radiopresidenteibanez.cl\/web\/punta-arenas-avanza-a-fase-2-del-plan-paso-a-paso\/\">Leer m\u00e1s<\/a><\/p>\n","protected":false},"author":2,"featured_media":740,"comment_status":"closed","ping_status":"closed","sticky":false,"template":"","format":"standard","meta":{"footnotes":""},"categories":[1],"tags":[],"class_list":["post-16954","post","type-post","status-publish","format-standard","has-post-thumbnail","hentry","category-cronica"],"_links":{"self":[{"href":"https:\/\/www.radiopresidenteibanez.cl\/web\/wp-json\/wp\/v2\/posts\/16954","targetHints":{"allow":["GET"]}}],"collection":[{"href":"https:\/\/www.radiopresidenteibanez.cl\/web\/wp-json\/wp\/v2\/posts"}],"about":[{"href":"https:\/\/www.radiopresidenteibanez.cl\/web\/wp-json\/wp\/v2\/types\/post"}],"author":[{"embeddable":true,"href":"https:\/\/www.radiopresidenteibanez.cl\/web\/wp-json\/wp\/v2\/users\/2"}],"replies":[{"embeddable":true,"href":"https:\/\/www.radiopresidenteibanez.cl\/web\/wp-json\/wp\/v2\/comments?post=16954"}],"version-history":[{"count":0,"href":"https:\/\/www.radiopresidenteibanez.cl\/web\/wp-json\/wp\/v2\/posts\/16954\/revisions"}],"wp:featuredmedia":[{"embeddable":true,"href":"https:\/\/www.radiopresidenteibanez.cl\/web\/wp-json\/wp\/v2\/media\/740"}],"wp:attachment":[{"href":"https:\/\/www.radiopresidenteibanez.cl\/web\/wp-json\/wp\/v2\/media?parent=16954"}],"wp:term":[{"taxonomy":"category","embeddable":true,"href":"https:\/\/www.radiopresidenteibanez.cl\/web\/wp-json\/wp\/v2\/categories?post=16954"},{"taxonomy":"post_tag","embeddable":true,"href":"https:\/\/www.radiopresidenteibanez.cl\/web\/wp-json\/wp\/v2\/tags?post=16954"}],"curies":[{"name":"wp","href":"https:\/\/api.w.org\/{rel}","templated":true}]}}