{"id":16951,"date":"2020-12-14T15:26:40","date_gmt":"2020-12-14T15:26:40","guid":{"rendered":"https:\/\/www.radiopresidenteibanez.cl\/web\/?p=16951"},"modified":"2020-12-14T15:26:46","modified_gmt":"2020-12-14T15:26:46","slug":"libertad-para-magallanes-por-ernesto-sepulveda-tornero","status":"publish","type":"post","link":"https:\/\/www.radiopresidenteibanez.cl\/web\/libertad-para-magallanes-por-ernesto-sepulveda-tornero\/","title":{"rendered":"\u201cLIBERTAD PARA MAGALLANES\u201d por Ernesto Sepulveda Tornero"},"content":{"rendered":"\n<p>Esta semana el presidente anunci\u00f3\nque el 21 de diciembre comienza la vacunaci\u00f3n contra el COVID19 en Chile. Antes\nen un punto de prensa, la subsecretaria Daza se\u00f1al\u00f3, \u201cChile ya tiene la vacuna\u2026\u201d,\nsegundos despu\u00e9s completa la oraci\u00f3n, diciendo \u201cEs usar mascarilla y el\ndistanciamiento social\u201d. En el primer caso, fue el ministro de Salud, quien\ndijo lo que muchos sospechaban. Lo de la fecha, fue s\u00f3lo una \u201caproximaci\u00f3n\u201d, ya\nque aun falta completar el proceso de autorizaci\u00f3n y validaci\u00f3n en Chile, por\nel ISP. Ergo vacunas llegar\u00e1n, pero probablemente no ser\u00e1 el 21 de diciembre.\nAs\u00ed hemos estado con las medidas contra la pandemia. Y en regiones ha sido\npeor. El centralismo ha llegado a niveles de rid\u00edculo, cuando no son ya los\nministros, quienes viajan al territorio, a dictarnos como tenemos que vivir.\nAhora lo hacen simples asesores ministeriales. Que, en honor al culto a la\nautoridad central, son tratados como verdaderos embajadores, con besamanos\nincluida. Como antes dec\u00eda, rid\u00edculo. Pero a la vez dram\u00e1tico. Esos\nfuncionarios deciden lo que, a las autoridades designadas, no se atreven a\ndecidir. El caso de Magallanes es paradigm\u00e1tico. Han cambiado tres veces de\nintendente, tambi\u00e9n el seremi de salud, pero la estrategia de Testeo,\nTrazabilidad y Aislamiento, la TTA, sigue siendo inefectiva. M\u00e1s de 100 d\u00edas de\ncuarentena y los casos positivos no ceden. Se ha pasado de culpar a las\nempresas de sectores esenciales, a culpar a los hogares, a las familias. Se\ndice ahora que los contagios son \u201cdom\u00e9sticos\u201d. Lo parad\u00f3jico, es que, junto a\nesa conclusi\u00f3n, se renueva semana a semana, la orden de encierro general. Lo\nque no s\u00f3lo impide a las familias airear y ventilar adecuadamente sus casas,\nsino que nos priva del \u00fanico per\u00edodo de buen tiempo que tendremos.<\/p>\n\n\n\n<p>&nbsp;&nbsp;&nbsp;&nbsp;&nbsp;&nbsp;&nbsp;&nbsp;&nbsp;&nbsp;&nbsp;&nbsp;&nbsp;&nbsp;&nbsp;&nbsp;&nbsp; &nbsp;&nbsp;&nbsp;&nbsp;&nbsp;&nbsp;&nbsp;&nbsp;&nbsp;&nbsp;&nbsp;&nbsp;&nbsp;&nbsp;&nbsp;&nbsp;&nbsp;&nbsp;&nbsp;&nbsp;&nbsp;&nbsp;&nbsp;&nbsp;&nbsp;&nbsp;&nbsp;&nbsp;&nbsp;&nbsp;&nbsp;&nbsp;&nbsp;Como es\nl\u00f3gico, nadie puede resistir encerrado eternamente en su casa. Y no todos son\nfuncionarios de la administraci\u00f3n p\u00fablica. Ergo, se debe salir a trabajar, a\nbuscar el sustento. Y as\u00ed lo hacen miles de personas diariamente. La calle se\nve llena de autos, y la circulaci\u00f3n de personas no para.&nbsp; Luego las autoridades vuelven a culpar a la\npoblaci\u00f3n, y renuevan el encierro. <\/p>\n\n\n\n<p>&nbsp;&nbsp;&nbsp;&nbsp;&nbsp;&nbsp;&nbsp;&nbsp;&nbsp;&nbsp;&nbsp;&nbsp;&nbsp;&nbsp;&nbsp;&nbsp;&nbsp;&nbsp;&nbsp;&nbsp;&nbsp;&nbsp;&nbsp;&nbsp;&nbsp;&nbsp;&nbsp;&nbsp;&nbsp;&nbsp;&nbsp;&nbsp;&nbsp;&nbsp;&nbsp;&nbsp;&nbsp;&nbsp;&nbsp;&nbsp;&nbsp;&nbsp;&nbsp;&nbsp;&nbsp;&nbsp;&nbsp;&nbsp;&nbsp;&nbsp;&nbsp;&nbsp;\nPienso en este momento, en los cientos de personas que han salido a\nprotestar en Magallanes, contra las medidas del gobierno. He visto a los\ntransportistas de camiones fleteros, a los peluqueros, y personal de salones de\nbelleza, a los due\u00f1os de restaurantes con sus trabajadores. Todas personas que\ndan la cara, se identifican, van de frente, s\u00f3lo pidiendo lo que les pertenece.\nEl derecho a trabajar.<\/p>\n\n\n\n<p>&nbsp;&nbsp;&nbsp;&nbsp;&nbsp;&nbsp;&nbsp;&nbsp;&nbsp;&nbsp;&nbsp;&nbsp;&nbsp;&nbsp;&nbsp;&nbsp;&nbsp;&nbsp;&nbsp;&nbsp;&nbsp;&nbsp;&nbsp;&nbsp;&nbsp;&nbsp;&nbsp;&nbsp;&nbsp;&nbsp;&nbsp;&nbsp;&nbsp;&nbsp;&nbsp;&nbsp;&nbsp;&nbsp;&nbsp;&nbsp;&nbsp; &nbsp;&nbsp;&nbsp;&nbsp;&nbsp;&nbsp;&nbsp;&nbsp;&nbsp;&nbsp;&nbsp; Se requiere de una autoridad\nregional fuerte. Con el coraje de desafiar al estado central. Con la capacidad\nde liderar, de ponerse al frente, de encarnar el reclamo mayoritario de quienes\nvivimos en el territorio.&nbsp; Nadie,\nninguno, tiene la llave para resolver hoy la grave crisis detonada por la\npandemia. Es una crisis social y econ\u00f3mica profunda, que nos vamos a tardar\na\u00f1os en resolver. S\u00f3lo ver c\u00f3mo, nuevamente tendremos que ser los trabajadores,\nquienes echemos mano a nuestros ahorros, para resolver los problemas que el\nestado debiera resolver. Con esto no me refiero a que el estado deposite un\nsueldo a todos los habitantes, y no tengamos que salir de la casa. Me refiero a\nque es el rol del estado garantizar, las condiciones adecuadas para que todos\npodamos desarrollar la actividad l\u00edcita que hayamos escogido. Sea como\nemprendedores o como trabajadores.<\/p>\n\n\n\n<p>&nbsp;&nbsp;&nbsp;&nbsp;&nbsp;&nbsp;&nbsp;&nbsp;&nbsp;&nbsp;&nbsp;&nbsp;&nbsp;&nbsp;&nbsp;&nbsp;&nbsp;&nbsp;&nbsp;&nbsp;&nbsp;&nbsp;&nbsp;&nbsp;&nbsp;&nbsp;&nbsp;&nbsp;&nbsp;&nbsp;&nbsp;&nbsp;&nbsp;&nbsp;&nbsp;&nbsp;&nbsp;&nbsp;&nbsp;&nbsp;&nbsp;&nbsp;&nbsp;&nbsp;&nbsp;&nbsp;&nbsp;&nbsp;&nbsp;&nbsp;&nbsp;&nbsp;&nbsp;&nbsp;&nbsp;&nbsp; &nbsp;Y el tema nos lleva nuevamente, al tipo de\nautoridades que tenemos. A la necesidad de elegir (cuando podamos), a los m\u00e1s\nid\u00f3neos. Y resulta, que estamos en mitad de la cuarentena, y se deber\u00e1 decidir\nlas listas para los municipios. Elegir alcalde es un asunto de la mayor\nimportancia. As\u00ed como elegir candidatos para una lista a la Convenci\u00f3n\nconstituyente.&nbsp; <\/p>\n\n\n\n<p>&nbsp;&nbsp;&nbsp;&nbsp;&nbsp;&nbsp;&nbsp;&nbsp;&nbsp;&nbsp;&nbsp;&nbsp;&nbsp;&nbsp;&nbsp;&nbsp;&nbsp;&nbsp;&nbsp;&nbsp;&nbsp;&nbsp;&nbsp;&nbsp;&nbsp;&nbsp;&nbsp;&nbsp;&nbsp;&nbsp;&nbsp;&nbsp;&nbsp;&nbsp;&nbsp;&nbsp;&nbsp;&nbsp;&nbsp;&nbsp;&nbsp; Por\ntodo Chile se alzan candidaturas paradigm\u00e1ticas, me detengo en Valpara\u00edso,\ndonde un l\u00edder social, y activista en defensa del agua, Mundaca. \u00c9l ir\u00e1 de\ncandidato a gobernador regional.&nbsp; All\u00ed\nmismo en Vi\u00f1a del Mar, un connotado abogado, acad\u00e9mico, escritor y premio\nnacional de Humanidades, a la convenci\u00f3n constituyente. Don Agust\u00edn Esquella,\nUn hombre notable, que, a sus 76 a\u00f1os, est\u00e1 absolutamente vigente. &nbsp;Y as\u00ed por todas partes, surgen personas que\nquieren hacer un aporte a nuestra sociedad.<\/p>\n\n\n\n<p>&nbsp;&nbsp;&nbsp;&nbsp;&nbsp;&nbsp;&nbsp;&nbsp;&nbsp;&nbsp;&nbsp;&nbsp;&nbsp;&nbsp;&nbsp;&nbsp;&nbsp;&nbsp;&nbsp;&nbsp;&nbsp;&nbsp;&nbsp;&nbsp;&nbsp;&nbsp;&nbsp;&nbsp;&nbsp;&nbsp;&nbsp;&nbsp;&nbsp;&nbsp;&nbsp;&nbsp;&nbsp;&nbsp;&nbsp;&nbsp;&nbsp; &nbsp;Est\u00e1 cada d\u00eda m\u00e1s claro, de que la centro\nizquierda va a competir con sus propias ideas, y con sus banderas, en los\ndesaf\u00edos electorales. Va quedando mas distante la peregrina idea, de constituir\nun polo de izquierda. La tesis de volver a los tres tercios, parece haber sido\nsuperada por la realidad. Y los partidos tradicionales, pese a que han sido\nobjeto de un bombardeo permanente, de los movimientos y partidos nuevos que les\ncompiten, han prevalecido hasta ahora. Se aprecia un fen\u00f3meno peculiar, en los\npol\u00edticos de mas reciente data. Empiezan a parecerse en demas\u00eda a quienes\ncriticaban Padecen las mismas luchas de poder internas, purgas de dirigentes,\nsangr\u00eda de militantes. Y una sorprendente habilidad para poner por delante, el\ninter\u00e9s del grupo o la identidad del mismo, por sobre intereses colectivos m\u00e1s\namplios.<\/p>\n\n\n\n<p>&nbsp;&nbsp;&nbsp;&nbsp;&nbsp;&nbsp;&nbsp;&nbsp;&nbsp;&nbsp;&nbsp;&nbsp;&nbsp;&nbsp;&nbsp;&nbsp;&nbsp;&nbsp;&nbsp;&nbsp;&nbsp;&nbsp;&nbsp;&nbsp;&nbsp;&nbsp;&nbsp;&nbsp;&nbsp;&nbsp;&nbsp;&nbsp;&nbsp;&nbsp;&nbsp;&nbsp;&nbsp;&nbsp;&nbsp;&nbsp;&nbsp; La\nposibilidad de constituir un potente polo socialdem\u00f3crata, es la noticia de la\nsemana. Mas all\u00e1 de los resultados electorales que se puedan esperar, en los\nmeses que vienen. Es el punto pol\u00edtico, a rescatar de la prolongada crisis. Una\nsociedad moderna, que debe enfrentar desaf\u00edos complejos, que se plasmar\u00e1n en la\nnueva constituci\u00f3n, requiere de la construcci\u00f3n de una pol\u00edtica de dialogo e\ninclusi\u00f3n. Y un polo socialdem\u00f3crata es el mas adecuado para ser el articulador\nde ese dialogo.<\/p>\n\n\n\n<p>&nbsp;&nbsp;&nbsp;&nbsp;&nbsp;&nbsp;&nbsp;&nbsp;&nbsp;&nbsp;&nbsp;&nbsp;&nbsp;&nbsp;&nbsp;&nbsp;&nbsp;&nbsp;&nbsp;&nbsp;&nbsp;&nbsp;&nbsp;&nbsp;&nbsp;&nbsp;&nbsp;&nbsp;&nbsp;&nbsp;&nbsp;&nbsp;&nbsp;&nbsp;&nbsp;&nbsp;&nbsp;&nbsp;&nbsp;&nbsp;&nbsp; Es\nlo que necesitamos con urgencia en la pol\u00edtica local, y en las regiones. Dejar\natr\u00e1s los proyectos personales, y avanzar hacia la construcci\u00f3n de los grandes\nconsensos, que nos permitir\u00e1n superar la pandemia, recuperar la senda de\ncrecimiento, de rehabilitaci\u00f3n del empleo, y de mejoramiento de la calidad de\nvida.&nbsp; <\/p>\n\n\n\n<p>Ernesto Sep\u00falveda Tornero<\/p>\n","protected":false},"excerpt":{"rendered":"<p>Esta semana el presidente anunci\u00f3 que el 21 de diciembre comienza la vacunaci\u00f3n contra el COVID19 en Chile. Antes en un punto de prensa, la subsecretaria Daza se\u00f1al\u00f3, \u201cChile ya&#8230; <a class=\"read-more\" href=\"https:\/\/www.radiopresidenteibanez.cl\/web\/libertad-para-magallanes-por-ernesto-sepulveda-tornero\/\">Leer m\u00e1s<\/a><\/p>\n","protected":false},"author":2,"featured_media":2310,"comment_status":"closed","ping_status":"closed","sticky":false,"template":"","format":"standard","meta":{"footnotes":""},"categories":[1],"tags":[],"class_list":["post-16951","post","type-post","status-publish","format-standard","has-post-thumbnail","hentry","category-cronica"],"_links":{"self":[{"href":"https:\/\/www.radiopresidenteibanez.cl\/web\/wp-json\/wp\/v2\/posts\/16951","targetHints":{"allow":["GET"]}}],"collection":[{"href":"https:\/\/www.radiopresidenteibanez.cl\/web\/wp-json\/wp\/v2\/posts"}],"about":[{"href":"https:\/\/www.radiopresidenteibanez.cl\/web\/wp-json\/wp\/v2\/types\/post"}],"author":[{"embeddable":true,"href":"https:\/\/www.radiopresidenteibanez.cl\/web\/wp-json\/wp\/v2\/users\/2"}],"replies":[{"embeddable":true,"href":"https:\/\/www.radiopresidenteibanez.cl\/web\/wp-json\/wp\/v2\/comments?post=16951"}],"version-history":[{"count":0,"href":"https:\/\/www.radiopresidenteibanez.cl\/web\/wp-json\/wp\/v2\/posts\/16951\/revisions"}],"wp:featuredmedia":[{"embeddable":true,"href":"https:\/\/www.radiopresidenteibanez.cl\/web\/wp-json\/wp\/v2\/media\/2310"}],"wp:attachment":[{"href":"https:\/\/www.radiopresidenteibanez.cl\/web\/wp-json\/wp\/v2\/media?parent=16951"}],"wp:term":[{"taxonomy":"category","embeddable":true,"href":"https:\/\/www.radiopresidenteibanez.cl\/web\/wp-json\/wp\/v2\/categories?post=16951"},{"taxonomy":"post_tag","embeddable":true,"href":"https:\/\/www.radiopresidenteibanez.cl\/web\/wp-json\/wp\/v2\/tags?post=16951"}],"curies":[{"name":"wp","href":"https:\/\/api.w.org\/{rel}","templated":true}]}}