{"id":16948,"date":"2020-12-14T02:58:09","date_gmt":"2020-12-14T02:58:09","guid":{"rendered":"https:\/\/www.radiopresidenteibanez.cl\/web\/?p=16948"},"modified":"2020-12-14T02:58:14","modified_gmt":"2020-12-14T02:58:14","slug":"duo-electronico-magallanico-lluvia-acida-cierra-ano-2020-con-streaming-transmision-de-emergencia","status":"publish","type":"post","link":"https:\/\/www.radiopresidenteibanez.cl\/web\/duo-electronico-magallanico-lluvia-acida-cierra-ano-2020-con-streaming-transmision-de-emergencia\/","title":{"rendered":"D\u00daO ELECTR\u00d3NICO MAGALL\u00c1NICO LLUVIA \u00c1CIDA CIERRA A\u00d1O 2020 CON STREAMING \u00abTRANSMISI\u00d3N DE EMERGENCIA\u00bb"},"content":{"rendered":"\n<p>El d\u00fao electr\u00f3nico magall\u00e1nico LLUVIA \u00c1CIDA compartir\u00e1 todo\nel material audiovisual que ha creado durante este a\u00f1o 2020 y que ha tenido\ncomo tema la Pandemia de COVID-19, mediante un streaming que llevar\u00e1 por t\u00edtulo\n\u00abTRANSMISI\u00d3N DE EMERGENCIA\u00bb. Se trata de una serie de videoclips,\npertenecientes a su disco \u00abANTIVIRAL\u00bb, y a improvisaciones grabadas\npara distintos medios digitales. Este se emitir\u00e1 por You Tube el pr\u00f3ximo d\u00eda\njueves 17 de Diciembre a partir de las 20:00 hrs. replic\u00e1ndose tambi\u00e9n por las\nredes sociales del d\u00fao y con el apoyo del sello Pueblo Nuevo.<\/p>\n\n\n\n<p>A comienzos de este a\u00f1o 2020 el d\u00fao chileno-magall\u00e1nico de\nm\u00fasica electr\u00f3nica LLUVIA \u00c1CIDA, al igual que todas las bandas del planeta, vio\nfrenados sus planes. Que en su caso inclu\u00edan celebrar sus 25 A\u00f1os de\ntrayectoria con el lanzamiento de un disco ya grabado y tocar dentro y fuera de\nsu regi\u00f3n. Este a\u00f1o hab\u00eda comenzado para ellos con una actuaci\u00f3n en el Festival\n\u00abDESIERTO SONORO\u00bb, realizado en el mes de Febrero en Iquique y en\ndonde compartieron escenario con destacados artistas de la electr\u00f3nica chilena.\nPero en el mes de marzo comenz\u00f3 el confinamiento, para dar paso al primero de\ndos periodos de cuarentena en la austral ciudad de Punta Arenas (Regi\u00f3n de\nMagallanes, Chile), una ciudad que siempre se hab\u00eda sentido segura y alejada de\nemergencias, pero que sin embargo se transform\u00f3 en la m\u00e1s afectada del pa\u00eds\nhasta el d\u00eda de hoy.<\/p>\n\n\n\n<p>H\u00e9ctor Aguilar y Rafael Cheuquelaf, que trabajan juntos\ndesde 1995 en torno a temas como la Ant\u00e1rtica, los Pueblos Originarios\nAustrales y los Movimientos Sociales en la Patagonia, decidieron reformular su\nlabor y comenzar a trabajar v\u00eda online. Fue as\u00ed como comenzaron a elaborar un\nun nuevo disco, uno que reflejara mediante el sonido electr\u00f3nico la situaci\u00f3n\ngeneral y las sensaciones que esta provoca en la mente humana. Lo hicieron a\ndistancia, usando Internet para intercambiar archivos digitales y poni\u00e9ndose de\nacuerdo en algunos aspectos con simples llamadas telef\u00f3nicas. El resultado fue\nuna producci\u00f3n llamada \u00abANTIVIRAL\u00bb, el primer disco chileno\nespec\u00edficamente dedicado a la Pandemia y que fue publicado a comienzos de Abril\nmediante los portales You Tube y Bandcamp. Se trata de una colecci\u00f3n de 10\ntemas instrumentales que con sus timbres y t\u00edtulos evocan las distintas fases y\naspectos de la pandemia de COVID-19, a la manera de un relato dist\u00f3pico. A lo\nlargo de los meses siguientes, fueron elaborando y publicando videos para\nalgunos de sus temas. \u00abConcebimos este disco cuando se estaba comenzando a\nmasificar el uso de plataformas como ZOOM y los streamings de actuaciones. Ha\nsido, de alguna manera, volver a los d\u00edas en que comenzamos a hacer m\u00fasica hace\n25 A\u00f1os, cuando fuimos la primera banda magall\u00e1nica en tener una p\u00e1gina web.\nPorque para nosotros el uso de la tecnolog\u00eda siempre ha sido clave para dar a\nconocer nuestra propuesta, para superar el aislamiento como banda de la\nPatagonia y ahora tenemos que volver a hacerlo\u00bb, se\u00f1ala el d\u00fao. <\/p>\n\n\n\n<p>Adem\u00e1s de publicar \u00abANTIVIRAL\u00bb, LLUVIA \u00c1CIDA grab\u00f3\nimprovisaciones para las plataformas \u00abSOUTH PLUG\u00bb y\n\u00abHOMESSESIONS\u00bb (Santiago de Chile) y para el evento online\n\u00abHOMESTUDIO\u00bb del Canal UMAG TV (Punta Arenas). \u00abEste ha sido\nnuestro modo de abordar la incertidumbre, la saturaci\u00f3n medi\u00e1tica y el\nconfinamiento forzoso. Pero sobre todo, fue nuestra forma de testimoniar para\nel futuro lo que est\u00e1 resultando un verdadero cambio de \u00e9poca. En un mundo que\nest\u00e1 cambiando aceleradamente, la M\u00fasica encontrar\u00e1 la forma de seguir sonando\ny de recordarnos nuestra Humanidad\u00bb, concluye el d\u00fao.<\/p>\n","protected":false},"excerpt":{"rendered":"<p>El d\u00fao electr\u00f3nico magall\u00e1nico LLUVIA \u00c1CIDA compartir\u00e1 todo el material audiovisual que ha creado durante este a\u00f1o 2020 y que ha tenido como tema la Pandemia de COVID-19, mediante un&#8230; <a class=\"read-more\" href=\"https:\/\/www.radiopresidenteibanez.cl\/web\/duo-electronico-magallanico-lluvia-acida-cierra-ano-2020-con-streaming-transmision-de-emergencia\/\">Leer m\u00e1s<\/a><\/p>\n","protected":false},"author":2,"featured_media":16949,"comment_status":"closed","ping_status":"closed","sticky":false,"template":"","format":"standard","meta":{"footnotes":""},"categories":[1],"tags":[],"class_list":["post-16948","post","type-post","status-publish","format-standard","has-post-thumbnail","hentry","category-cronica"],"_links":{"self":[{"href":"https:\/\/www.radiopresidenteibanez.cl\/web\/wp-json\/wp\/v2\/posts\/16948","targetHints":{"allow":["GET"]}}],"collection":[{"href":"https:\/\/www.radiopresidenteibanez.cl\/web\/wp-json\/wp\/v2\/posts"}],"about":[{"href":"https:\/\/www.radiopresidenteibanez.cl\/web\/wp-json\/wp\/v2\/types\/post"}],"author":[{"embeddable":true,"href":"https:\/\/www.radiopresidenteibanez.cl\/web\/wp-json\/wp\/v2\/users\/2"}],"replies":[{"embeddable":true,"href":"https:\/\/www.radiopresidenteibanez.cl\/web\/wp-json\/wp\/v2\/comments?post=16948"}],"version-history":[{"count":0,"href":"https:\/\/www.radiopresidenteibanez.cl\/web\/wp-json\/wp\/v2\/posts\/16948\/revisions"}],"wp:featuredmedia":[{"embeddable":true,"href":"https:\/\/www.radiopresidenteibanez.cl\/web\/wp-json\/wp\/v2\/media\/16949"}],"wp:attachment":[{"href":"https:\/\/www.radiopresidenteibanez.cl\/web\/wp-json\/wp\/v2\/media?parent=16948"}],"wp:term":[{"taxonomy":"category","embeddable":true,"href":"https:\/\/www.radiopresidenteibanez.cl\/web\/wp-json\/wp\/v2\/categories?post=16948"},{"taxonomy":"post_tag","embeddable":true,"href":"https:\/\/www.radiopresidenteibanez.cl\/web\/wp-json\/wp\/v2\/tags?post=16948"}],"curies":[{"name":"wp","href":"https:\/\/api.w.org\/{rel}","templated":true}]}}