{"id":16945,"date":"2020-12-14T02:55:59","date_gmt":"2020-12-14T02:55:59","guid":{"rendered":"https:\/\/www.radiopresidenteibanez.cl\/web\/?p=16945"},"modified":"2020-12-14T02:56:04","modified_gmt":"2020-12-14T02:56:04","slug":"renovada-plaza-de-las-bandera-sumo-6-nuevos-paises-a-sus-mastiles","status":"publish","type":"post","link":"https:\/\/www.radiopresidenteibanez.cl\/web\/renovada-plaza-de-las-bandera-sumo-6-nuevos-paises-a-sus-mastiles\/","title":{"rendered":"RENOVADA PLAZA DE LAS BANDERA SUM\u00d3 6 NUEVOS PA\u00cdSES A SUS M\u00c1STILES"},"content":{"rendered":"\n<p>Baldosas Podot\u00e1ctiles, Bancas, nueva Iluminaci\u00f3n, mejoramiento de las \u00c1reas Verdes y las caracter\u00edsticas Letras Punta Arenas, son parte de la renovada Plaza de las Banderas, que desde ahora incorpora seis nuevos pa\u00edses a sus m\u00e1stiles.<\/p>\n\n\n\n<p>Hablamos de Venezuela, Colombia, Hait\u00ed, Rep\u00fablica Dominicana, Paraguay y Per\u00fa, las que se suman a las otras 16 Banderas instaladas en la Plaza ubicada en avenida Bulnes con los flamencos.<\/p>\n\n\n\n<p>\u201cEsta es una Plaza que representa lo que somos\u2026 Una ciudad de migrantes. Pasaron los a\u00f1os y no tuvo mantenci\u00f3n, pero tambi\u00e9n vimos que en los \u00faltimos a\u00f1os se han agregado nuevas comunidades y diferentes colectividades que ya son parte de nuestra ciudad, y por eso no s\u00f3lo quisimos renovar el espacio sino que tambi\u00e9n incorporar a seis colectividades que hoy son muy importantes, por lo que las sumamos a esta iniciativa\u201d, explic\u00f3 el alcalde Claudio Radonich.<\/p>\n\n\n\n<p>De igual forma, el jefe comunal agreg\u00f3 que \u201ctenemos una ciudad diversa, maravillosa en el fin del mundo, as\u00ed que estamos contentos de entregar este lugar al uso p\u00fablico, as\u00ed que pedimos cuidar las letras, los pabellones y seguir sumando esfuerzos para que nuestra ciudad crezca y se potencie en esta l\u00ednea de uni\u00f3n y diversidad\u201d.<\/p>\n\n\n\n<p>Seg\u00fan manifest\u00f3 el Director de Obras Municipales, Alex Saldivia, el proyecto consider\u00f3 la construcci\u00f3n de aceras de hormig\u00f3n, iluminaci\u00f3n de letras y m\u00e1stiles, confecci\u00f3n de astas de banderas con su respectivas fundaciones y reparaci\u00f3n de las existentes, trabajos de \u00e1reas verdes e instalaci\u00f3n de las letras PUNTA ARENAS. De igual forma, la iniciativa considera el cambio de las placas a bronce, aumento en metros cuadrado de hormig\u00f3n, aumento en metros lineales de baldosas podot\u00e1ctiles, aumento en cantidad de bancas y la incorporaci\u00f3n de iluminaci\u00f3n indicativa del sendero.<\/p>\n\n\n\n<p>Geraldine P\u00e9rez, representante de la Agrupaci\u00f3n de Venezolanos en la Patagonia, se mostr\u00f3 feliz por la concreci\u00f3n de las obras y resalt\u00f3 que \u201cesto fue una promesa cumplida, porque ven\u00edamos gestionando esto durante 3 a\u00f1os, ya que nosotros como Venezolanos queremos ver esa bandera aqu\u00ed, para potenciar nuestro sentido de pertenencia a este lugar que tan bien nos ha recibido. Ojal\u00e1 que todos los venezolanos que pasen por esta plaza, sientan que el viento de la Patagonia nos va traer la libertad\u201d.<\/p>\n\n\n\n<p>Asimismo, quien valor\u00f3 la iniciativa fue el primer haitiano que lleg\u00f3 a Punta Arenas, Jean Bernard Josapha, quien hoy es el representante de dicha comunidad en Magallanes. \u201cPara mi es maravilloso ser incluido, porque cuando yo llegu\u00e9 todos se sorprend\u00edan, y ahora ver mi bandera es maravilloso. Somos cerca de 400 haitianos aqu\u00ed en Magallanes\u201d. A esto agreg\u00f3 que \u201cme gusta mucho Punta Arenas, porque es tranquilo y algo distanciado de Santiago, pero me siento muy c\u00f3modo\u201d.<\/p>\n\n\n\n<p>El proyecto denominado \u201cMejoramiento Plaza de las Banderas, Punta Arenas\u201d, fue financiado a trav\u00e9s de los Fondos Regionales de Iniciativas Locales del Gobierno Regional, cuya inversi\u00f3n asciende a los 96 millones de pesos aproximadamente.<\/p>\n","protected":false},"excerpt":{"rendered":"<p>Baldosas Podot\u00e1ctiles, Bancas, nueva Iluminaci\u00f3n, mejoramiento de las \u00c1reas Verdes y las caracter\u00edsticas Letras Punta Arenas, son parte de la renovada Plaza de las Banderas, que desde ahora incorpora seis&#8230; <a class=\"read-more\" href=\"https:\/\/www.radiopresidenteibanez.cl\/web\/renovada-plaza-de-las-bandera-sumo-6-nuevos-paises-a-sus-mastiles\/\">Leer m\u00e1s<\/a><\/p>\n","protected":false},"author":2,"featured_media":16946,"comment_status":"closed","ping_status":"closed","sticky":false,"template":"","format":"standard","meta":{"footnotes":""},"categories":[1],"tags":[],"class_list":["post-16945","post","type-post","status-publish","format-standard","has-post-thumbnail","hentry","category-cronica"],"_links":{"self":[{"href":"https:\/\/www.radiopresidenteibanez.cl\/web\/wp-json\/wp\/v2\/posts\/16945","targetHints":{"allow":["GET"]}}],"collection":[{"href":"https:\/\/www.radiopresidenteibanez.cl\/web\/wp-json\/wp\/v2\/posts"}],"about":[{"href":"https:\/\/www.radiopresidenteibanez.cl\/web\/wp-json\/wp\/v2\/types\/post"}],"author":[{"embeddable":true,"href":"https:\/\/www.radiopresidenteibanez.cl\/web\/wp-json\/wp\/v2\/users\/2"}],"replies":[{"embeddable":true,"href":"https:\/\/www.radiopresidenteibanez.cl\/web\/wp-json\/wp\/v2\/comments?post=16945"}],"version-history":[{"count":0,"href":"https:\/\/www.radiopresidenteibanez.cl\/web\/wp-json\/wp\/v2\/posts\/16945\/revisions"}],"wp:featuredmedia":[{"embeddable":true,"href":"https:\/\/www.radiopresidenteibanez.cl\/web\/wp-json\/wp\/v2\/media\/16946"}],"wp:attachment":[{"href":"https:\/\/www.radiopresidenteibanez.cl\/web\/wp-json\/wp\/v2\/media?parent=16945"}],"wp:term":[{"taxonomy":"category","embeddable":true,"href":"https:\/\/www.radiopresidenteibanez.cl\/web\/wp-json\/wp\/v2\/categories?post=16945"},{"taxonomy":"post_tag","embeddable":true,"href":"https:\/\/www.radiopresidenteibanez.cl\/web\/wp-json\/wp\/v2\/tags?post=16945"}],"curies":[{"name":"wp","href":"https:\/\/api.w.org\/{rel}","templated":true}]}}