{"id":16941,"date":"2020-12-14T02:53:19","date_gmt":"2020-12-14T02:53:19","guid":{"rendered":"https:\/\/www.radiopresidenteibanez.cl\/web\/?p=16941"},"modified":"2020-12-14T02:53:28","modified_gmt":"2020-12-14T02:53:28","slug":"coordinadora-social-de-magallanes-realizo-consulta-ciudadana-para-definir-candidatos-para-proceso-constituyente","status":"publish","type":"post","link":"https:\/\/www.radiopresidenteibanez.cl\/web\/coordinadora-social-de-magallanes-realizo-consulta-ciudadana-para-definir-candidatos-para-proceso-constituyente\/","title":{"rendered":"COORDINADORA SOCIAL DE MAGALLANES REALIZ\u00d3 CONSULTA CIUDADANA PARA DEFINIR CANDIDATOS PARA PROCESO CONSTITUYENTE"},"content":{"rendered":"\n<p>Las Organizaciones de la Sociedad Civil, agrupadas en la\nCoordinadora Social de Magallanes, desarrollaron una consulta ciudadana para\nelegir a los\/as representantes independientes, que formar\u00e1n parte de la Lista\nIndependiente, que se presentar\u00e1 en el Proceso Constituyente, que se llevar\u00e1 a\ncabo en el mes de abril del a\u00f1o 2021.<\/p>\n\n\n\n<p>En la Regi\u00f3n, la participaci\u00f3n super\u00f3 las 3000 personas,\nquienes participaron del proceso a trav\u00e9s del voto presencial y online; Los\nresultados de la votaci\u00f3n dan las primeras mayor\u00eda,s a las mujeres lideresas y\nrepresentantes de sus organizaciones; se trata de Elisa Giustinianovich C e\nIn\u00e9s Vidal A de la Coordinadora Feminista y Voluntariado Social\nrespectivamente.<\/p>\n\n\n\n<p>En los 32 locales de votaci\u00f3n, que fueron habilitados en\ndiversas juntas de vecinos del territorio y gimnasio Anef, se desplegaron m\u00e1s\nde 60 colaboradores\/as voluntarios\/as, que dieron vida a la consulta\nautoconvocada, sumado a ellos las donaciones de las diversas organizaciones que\npermitieron contar con los votos, las urnas y los implementos sanitarios\nnecesarios para realizar el acto eleccionario.<\/p>\n\n\n\n<p>Luego de esto, sumado a las dos candidaturas nacidas en\nPuerto Natales y Porvenir, se inscribir\u00e1 una Lista Independiente de la sociedad\ncivil, la cual en las pr\u00f3ximas semanas reunir\u00e1 las firmas necesarias para\ncompetir en la elecci\u00f3n de constituyentes para el mes de abril.<\/p>\n","protected":false},"excerpt":{"rendered":"<p>Las Organizaciones de la Sociedad Civil, agrupadas en la Coordinadora Social de Magallanes, desarrollaron una consulta ciudadana para elegir a los\/as representantes independientes, que formar\u00e1n parte de la Lista Independiente,&#8230; <a class=\"read-more\" href=\"https:\/\/www.radiopresidenteibanez.cl\/web\/coordinadora-social-de-magallanes-realizo-consulta-ciudadana-para-definir-candidatos-para-proceso-constituyente\/\">Leer m\u00e1s<\/a><\/p>\n","protected":false},"author":2,"featured_media":16942,"comment_status":"closed","ping_status":"closed","sticky":false,"template":"","format":"standard","meta":{"footnotes":""},"categories":[1],"tags":[],"class_list":["post-16941","post","type-post","status-publish","format-standard","has-post-thumbnail","hentry","category-cronica"],"_links":{"self":[{"href":"https:\/\/www.radiopresidenteibanez.cl\/web\/wp-json\/wp\/v2\/posts\/16941","targetHints":{"allow":["GET"]}}],"collection":[{"href":"https:\/\/www.radiopresidenteibanez.cl\/web\/wp-json\/wp\/v2\/posts"}],"about":[{"href":"https:\/\/www.radiopresidenteibanez.cl\/web\/wp-json\/wp\/v2\/types\/post"}],"author":[{"embeddable":true,"href":"https:\/\/www.radiopresidenteibanez.cl\/web\/wp-json\/wp\/v2\/users\/2"}],"replies":[{"embeddable":true,"href":"https:\/\/www.radiopresidenteibanez.cl\/web\/wp-json\/wp\/v2\/comments?post=16941"}],"version-history":[{"count":0,"href":"https:\/\/www.radiopresidenteibanez.cl\/web\/wp-json\/wp\/v2\/posts\/16941\/revisions"}],"wp:featuredmedia":[{"embeddable":true,"href":"https:\/\/www.radiopresidenteibanez.cl\/web\/wp-json\/wp\/v2\/media\/16942"}],"wp:attachment":[{"href":"https:\/\/www.radiopresidenteibanez.cl\/web\/wp-json\/wp\/v2\/media?parent=16941"}],"wp:term":[{"taxonomy":"category","embeddable":true,"href":"https:\/\/www.radiopresidenteibanez.cl\/web\/wp-json\/wp\/v2\/categories?post=16941"},{"taxonomy":"post_tag","embeddable":true,"href":"https:\/\/www.radiopresidenteibanez.cl\/web\/wp-json\/wp\/v2\/tags?post=16941"}],"curies":[{"name":"wp","href":"https:\/\/api.w.org\/{rel}","templated":true}]}}