{"id":1694,"date":"2019-02-28T00:46:16","date_gmt":"2019-02-28T00:46:16","guid":{"rendered":"http:\/\/www.radiopresidenteibanez.cl\/web\/?p=1694"},"modified":"2019-02-28T00:47:06","modified_gmt":"2019-02-28T00:47:06","slug":"presidente-nacional-de-archi-se-reunio-con-el-comite-regional-austral-en-punta-arenas-con-el-objetivo-de-elegir-a-la-nueva-mesa-directiva","status":"publish","type":"post","link":"https:\/\/www.radiopresidenteibanez.cl\/web\/presidente-nacional-de-archi-se-reunio-con-el-comite-regional-austral-en-punta-arenas-con-el-objetivo-de-elegir-a-la-nueva-mesa-directiva\/","title":{"rendered":"PRESIDENTE NACIONAL DE ARCHI SE REUNI\u00d3 CON EL COMIT\u00c9 REGIONAL AUSTRAL EN PUNTA ARENAS CON EL OBJETIVO DE ELEGIR A LA NUEVA MESA DIRECTIVA"},"content":{"rendered":"\n<p>Eduardo Mart\u00ednez presidente nacional de la Asociaci\u00f3n de Radiodifusores de Chile (ARCHI), se reuni\u00f3n en Punta Arenas, con el Comit\u00e9 Regional Austral, con el motivo de poder elegir a la nueva mesa directiva en la regi\u00f3n de Magallanes, donde quedo conformada de la siguiente manera por los pr\u00f3ximos dos a\u00f1os;<\/p>\n\n\n\n<ul class=\"wp-block-list\"><li>Iv\u00e1n Lara Paredes (presidente reelecto)<\/li><li>V\u00edctor Navarro Turina (vicepresidente)<\/li><li>Francisco P\u00e9rez San Juan (secretario)<\/li><\/ul>\n\n\n\n<figure class=\"wp-block-image\"><img loading=\"lazy\" decoding=\"async\" width=\"1024\" height=\"576\" src=\"https:\/\/www.radiopresidenteibanez.cl\/web\/wp-content\/uploads\/2019\/02\/IMG-20190227-WA0034-1024x576.jpg\" alt=\"\" class=\"wp-image-1695\" srcset=\"https:\/\/www.radiopresidenteibanez.cl\/web\/wp-content\/uploads\/2019\/02\/IMG-20190227-WA0034-1024x576.jpg 1024w, https:\/\/www.radiopresidenteibanez.cl\/web\/wp-content\/uploads\/2019\/02\/IMG-20190227-WA0034-300x169.jpg 300w, https:\/\/www.radiopresidenteibanez.cl\/web\/wp-content\/uploads\/2019\/02\/IMG-20190227-WA0034-768x432.jpg 768w, https:\/\/www.radiopresidenteibanez.cl\/web\/wp-content\/uploads\/2019\/02\/IMG-20190227-WA0034.jpg 1280w\" sizes=\"auto, (max-width: 1024px) 100vw, 1024px\" \/><\/figure>\n","protected":false},"excerpt":{"rendered":"<p>Eduardo Mart\u00ednez presidente nacional de la Asociaci\u00f3n de Radiodifusores de Chile (ARCHI), se reuni\u00f3n en Punta Arenas, con el Comit\u00e9 Regional Austral, con el motivo de poder elegir a la&#8230; <a class=\"read-more\" href=\"https:\/\/www.radiopresidenteibanez.cl\/web\/presidente-nacional-de-archi-se-reunio-con-el-comite-regional-austral-en-punta-arenas-con-el-objetivo-de-elegir-a-la-nueva-mesa-directiva\/\">Leer m\u00e1s<\/a><\/p>\n","protected":false},"author":2,"featured_media":1695,"comment_status":"closed","ping_status":"closed","sticky":false,"template":"","format":"standard","meta":{"footnotes":""},"categories":[1],"tags":[],"class_list":["post-1694","post","type-post","status-publish","format-standard","has-post-thumbnail","hentry","category-cronica"],"_links":{"self":[{"href":"https:\/\/www.radiopresidenteibanez.cl\/web\/wp-json\/wp\/v2\/posts\/1694","targetHints":{"allow":["GET"]}}],"collection":[{"href":"https:\/\/www.radiopresidenteibanez.cl\/web\/wp-json\/wp\/v2\/posts"}],"about":[{"href":"https:\/\/www.radiopresidenteibanez.cl\/web\/wp-json\/wp\/v2\/types\/post"}],"author":[{"embeddable":true,"href":"https:\/\/www.radiopresidenteibanez.cl\/web\/wp-json\/wp\/v2\/users\/2"}],"replies":[{"embeddable":true,"href":"https:\/\/www.radiopresidenteibanez.cl\/web\/wp-json\/wp\/v2\/comments?post=1694"}],"version-history":[{"count":0,"href":"https:\/\/www.radiopresidenteibanez.cl\/web\/wp-json\/wp\/v2\/posts\/1694\/revisions"}],"wp:featuredmedia":[{"embeddable":true,"href":"https:\/\/www.radiopresidenteibanez.cl\/web\/wp-json\/wp\/v2\/media\/1695"}],"wp:attachment":[{"href":"https:\/\/www.radiopresidenteibanez.cl\/web\/wp-json\/wp\/v2\/media?parent=1694"}],"wp:term":[{"taxonomy":"category","embeddable":true,"href":"https:\/\/www.radiopresidenteibanez.cl\/web\/wp-json\/wp\/v2\/categories?post=1694"},{"taxonomy":"post_tag","embeddable":true,"href":"https:\/\/www.radiopresidenteibanez.cl\/web\/wp-json\/wp\/v2\/tags?post=1694"}],"curies":[{"name":"wp","href":"https:\/\/api.w.org\/{rel}","templated":true}]}}