{"id":16938,"date":"2020-12-14T03:15:00","date_gmt":"2020-12-14T03:15:00","guid":{"rendered":"https:\/\/www.radiopresidenteibanez.cl\/web\/?p=16938"},"modified":"2020-12-13T15:48:45","modified_gmt":"2020-12-13T15:48:45","slug":"mas-de-mil-licencias-por-extension-del-postnatal-se-han-emitido-en-magallanes","status":"publish","type":"post","link":"https:\/\/www.radiopresidenteibanez.cl\/web\/mas-de-mil-licencias-por-extension-del-postnatal-se-han-emitido-en-magallanes\/","title":{"rendered":"M\u00c1S DE MIL LICENCIAS POR EXTENSI\u00d3N DEL POSTNATAL SE HAN EMITIDO EN MAGALLANES"},"content":{"rendered":"\n<p>Un total de 1.125 licencias m\u00e9dicas preventivas parentales Covid han sido emitidas en la regi\u00f3n de Magallanes desde el inicio de este permiso especial creado por la ley de \u201cCrianza Protegida\u201d y que extiende el permiso de postnatal parental mientras dure el estado de excepci\u00f3n a fin de apoyar a aquellas madres y\/o padres que enfrentan dificultades con el cuidado de sus hijos a ra\u00edz de la crisis sanitaria.<\/p>\n\n\n\n<p>Al respecto, la Seremi del Trabajo y Previsi\u00f3n Social, Victoria Cort\u00e9s Schiattino, explic\u00f3 que \u201ca trav\u00e9s de la superintendencia de Seguridad Social (Suseso) podemos conocer el avance en la aplicaci\u00f3n de la ley de Crianza Protegida y del n\u00famero de mam\u00e1s y pap\u00e1s que han podido acceder a la extensi\u00f3n de su postnatal parental\u201d.<\/p>\n\n\n\n<p>La autoridad record\u00f3 que este beneficio fue establecido para todos aquellos padres trabajadores o madres trabajadoras que hayan hecho uso de su permiso de postnatal parental que hayan vencido a partir del 18 de marzo de este a\u00f1o.<\/p>\n\n\n\n<p>\u201cHasta el momento, esta ley ha favorecido a cerca de 550 personas en Magallanes. Por un lado, un total de 467 trabajadoras con la extensi\u00f3n del postnatal, que equivale al 66% del total de potenciales beneficiarias en la regi\u00f3n y, por otro, est\u00e1n aquellos padres, madres o cuidadores de ni\u00f1os menores de siete a\u00f1os que, gracias a esta normativa, han podido acceder a los beneficios de la ley de Protecci\u00f3n del Empleo, a la que, hasta inicios de diciembre, han accedido m\u00e1s de 80 magall\u00e1nicos, lo que es una buena noticia, pues se ha transformado en una iniciativa muy beneficiosa para las madres y padres que trabajan\u201d, a\u00f1adi\u00f3 la secretaria regional.<\/p>\n\n\n\n<p>El\ntr\u00e1mite para hacer solicitud de la licencia se realiza a trav\u00e9s del sitio web\nde la Suseso, <a href=\"http:\/\/www.suseso.cl\">www.suseso.cl<\/a>, accediendo al banner \u201cLicencia\nM\u00e9dica Preventiva Parental (LMPP)\u201d, donde adem\u00e1s de poder realizar la solicitud\nde manera absolutamente online, se pueden resolver preguntas frecuentes y dudas\nsobre la licencia.<\/p>\n\n\n\n<p>Un dato\nreflejado por el informe de la superintendencia y que recalc\u00f3 la seremi es el\ncasi inexistente acceso de los padres trabajadores a la extensi\u00f3n del postnatal\nparental, lo que demuestra todav\u00eda la falta de una cultura de\ncorresponsabilidad parental en las familias a nivel pa\u00eds y que, a su vez,\ncontin\u00faa mermando los \u00edndices de participaci\u00f3n laboral de las mujeres.<\/p>\n\n\n\n<p>\u201cSin ir\nm\u00e1s lejos, de un total de 121 mil licencias m\u00e9dicas parentales emitidas a nivel\nnacional, apenas 99 de estas corresponden a padres trabajadores, lo que refleja\nuna persistencia en nuestro pa\u00eds del rol de las mujeres al cuidado de los hijos\ny el lento avance en lograr compartir las responsabilidades de manera\nequitativa al interior del hogar\u201d, expres\u00f3 la seremi.<\/p>\n","protected":false},"excerpt":{"rendered":"<p>Un total de 1.125 licencias m\u00e9dicas preventivas parentales Covid han sido emitidas en la regi\u00f3n de Magallanes desde el inicio de este permiso especial creado por la ley de \u201cCrianza&#8230; <a class=\"read-more\" href=\"https:\/\/www.radiopresidenteibanez.cl\/web\/mas-de-mil-licencias-por-extension-del-postnatal-se-han-emitido-en-magallanes\/\">Leer m\u00e1s<\/a><\/p>\n","protected":false},"author":2,"featured_media":11286,"comment_status":"closed","ping_status":"closed","sticky":false,"template":"","format":"standard","meta":{"footnotes":""},"categories":[1],"tags":[],"class_list":["post-16938","post","type-post","status-publish","format-standard","has-post-thumbnail","hentry","category-cronica"],"_links":{"self":[{"href":"https:\/\/www.radiopresidenteibanez.cl\/web\/wp-json\/wp\/v2\/posts\/16938","targetHints":{"allow":["GET"]}}],"collection":[{"href":"https:\/\/www.radiopresidenteibanez.cl\/web\/wp-json\/wp\/v2\/posts"}],"about":[{"href":"https:\/\/www.radiopresidenteibanez.cl\/web\/wp-json\/wp\/v2\/types\/post"}],"author":[{"embeddable":true,"href":"https:\/\/www.radiopresidenteibanez.cl\/web\/wp-json\/wp\/v2\/users\/2"}],"replies":[{"embeddable":true,"href":"https:\/\/www.radiopresidenteibanez.cl\/web\/wp-json\/wp\/v2\/comments?post=16938"}],"version-history":[{"count":0,"href":"https:\/\/www.radiopresidenteibanez.cl\/web\/wp-json\/wp\/v2\/posts\/16938\/revisions"}],"wp:featuredmedia":[{"embeddable":true,"href":"https:\/\/www.radiopresidenteibanez.cl\/web\/wp-json\/wp\/v2\/media\/11286"}],"wp:attachment":[{"href":"https:\/\/www.radiopresidenteibanez.cl\/web\/wp-json\/wp\/v2\/media?parent=16938"}],"wp:term":[{"taxonomy":"category","embeddable":true,"href":"https:\/\/www.radiopresidenteibanez.cl\/web\/wp-json\/wp\/v2\/categories?post=16938"},{"taxonomy":"post_tag","embeddable":true,"href":"https:\/\/www.radiopresidenteibanez.cl\/web\/wp-json\/wp\/v2\/tags?post=16938"}],"curies":[{"name":"wp","href":"https:\/\/api.w.org\/{rel}","templated":true}]}}