{"id":16935,"date":"2020-12-14T03:00:00","date_gmt":"2020-12-14T03:00:00","guid":{"rendered":"https:\/\/www.radiopresidenteibanez.cl\/web\/?p=16935"},"modified":"2020-12-13T15:46:59","modified_gmt":"2020-12-13T15:46:59","slug":"fondeporte-2021-comienza-fase-de-postulacion","status":"publish","type":"post","link":"https:\/\/www.radiopresidenteibanez.cl\/web\/fondeporte-2021-comienza-fase-de-postulacion\/","title":{"rendered":"FONDEPORTE 2021 COMIENZA FASE DE POSTULACI\u00d3N"},"content":{"rendered":"\n<p>El concurso p\u00fablico Fondo\nNacional para el Fomento del Deporte 2021 (Fondeporte) inici\u00f3 este jueves 10 de\ndiciembre su proceso de postulaci\u00f3n, el que se extender\u00e1 hasta el pr\u00f3ximo 8 de\nenero de 2021 y se puede realizar en el sitio web <a href=\"http:\/\/www.proyectosdeportivos.cl\">www.proyectosdeportivos.cl<\/a>.<\/p>\n\n\n\n<p>Las categor\u00edas del Fondeporte\n2021 ser\u00e1n formaci\u00f3n para el deporte, deporte recreativo, deporte de\ncompetici\u00f3n, y ciencias del deporte, sin embargo, en las bases se consideraron\ncomo principales novedades la inclusi\u00f3n de actividades online, actividades para\nel deporte paral\u00edmpico, adaptado, y eventos para personas en situaci\u00f3n de\ndiscapacidad, y competencias de car\u00e1cter senior o m\u00e1ster. <\/p>\n\n\n\n<p>\u201cConsiderando el momento que\nestamos viviendo producto de la pandemia y que nuestra Pol\u00edtica Nacional de\nActividad F\u00edsica se\u00f1ala que todas las personas tienen derecho a realizar\nactividad f\u00edsica y deporte, es que este a\u00f1o se incluyeron, por ejemplo,\nproductos enfocados espec\u00edficamente a personas en situaci\u00f3n de discapacidad\u201d,\nse\u00f1al\u00f3 la Seremi del Deporte de Magallanes y la Ant\u00e1rtica Chilena, Odette\nCallahan, sobre las novedades que tiene el Fondeporte 2021. <\/p>\n\n\n\n<p>Adem\u00e1s agreg\u00f3 que \u201cel Fondo\nNacional para el Fomento del Deporte es una gran herramienta de financiamiento\nque tenemos a disposici\u00f3n para que las organizaciones deportivas puedan llevar\na cabo sus proyectos y as\u00ed seguir colaborando en que m\u00e1s chilenos y chilenas se\nsumen a la pr\u00e1ctica de actividad f\u00edsica y deporte. Invitamos a todos a visitar\nel sitio web para que se informen y postulen a este fondo p\u00fablico\u201d. <\/p>\n\n\n\n<p>El Fondeporte 2021 tiene como\nobjetivo financiar los proyectos que consideren escuelas deportivas de\nformaci\u00f3n, talleres y eventos recreativos, organizaci\u00f3n de competencias,\npreparaci\u00f3n de deportistas para competencias y campeonatos, e investigaci\u00f3n en\nciencias del deporte.<\/p>\n\n\n\n<p>Adem\u00e1s, a este concurso p\u00fablico,\nen sus distintas categor\u00edas, podr\u00e1n postular organizaciones deportivas,\nMunicipalidades, Servicios P\u00fablicos, Instituciones de Educaci\u00f3n Superior\np\u00fablicas y privadas, Corporaciones no deportivas sin fines de lucro,\nfundaciones, organizaciones Comunitarias Territoriales y Funcionales.<\/p>\n\n\n\n<p>Durante 2020, el Fondo Nacional\npara el Fomento del Deporte entreg\u00f3 en la regi\u00f3n de Magallanes un\nfinanciamiento de m\u00e1s de 45 millones de pesos a 13 proyectos deportivos\ndivididos en las cuatro categor\u00edas. <\/p>\n","protected":false},"excerpt":{"rendered":"<p>El concurso p\u00fablico Fondo Nacional para el Fomento del Deporte 2021 (Fondeporte) inici\u00f3 este jueves 10 de diciembre su proceso de postulaci\u00f3n, el que se extender\u00e1 hasta el pr\u00f3ximo 8&#8230; <a class=\"read-more\" href=\"https:\/\/www.radiopresidenteibanez.cl\/web\/fondeporte-2021-comienza-fase-de-postulacion\/\">Leer m\u00e1s<\/a><\/p>\n","protected":false},"author":2,"featured_media":16936,"comment_status":"closed","ping_status":"closed","sticky":false,"template":"","format":"standard","meta":{"footnotes":""},"categories":[1],"tags":[],"class_list":["post-16935","post","type-post","status-publish","format-standard","has-post-thumbnail","hentry","category-cronica"],"_links":{"self":[{"href":"https:\/\/www.radiopresidenteibanez.cl\/web\/wp-json\/wp\/v2\/posts\/16935","targetHints":{"allow":["GET"]}}],"collection":[{"href":"https:\/\/www.radiopresidenteibanez.cl\/web\/wp-json\/wp\/v2\/posts"}],"about":[{"href":"https:\/\/www.radiopresidenteibanez.cl\/web\/wp-json\/wp\/v2\/types\/post"}],"author":[{"embeddable":true,"href":"https:\/\/www.radiopresidenteibanez.cl\/web\/wp-json\/wp\/v2\/users\/2"}],"replies":[{"embeddable":true,"href":"https:\/\/www.radiopresidenteibanez.cl\/web\/wp-json\/wp\/v2\/comments?post=16935"}],"version-history":[{"count":0,"href":"https:\/\/www.radiopresidenteibanez.cl\/web\/wp-json\/wp\/v2\/posts\/16935\/revisions"}],"wp:featuredmedia":[{"embeddable":true,"href":"https:\/\/www.radiopresidenteibanez.cl\/web\/wp-json\/wp\/v2\/media\/16936"}],"wp:attachment":[{"href":"https:\/\/www.radiopresidenteibanez.cl\/web\/wp-json\/wp\/v2\/media?parent=16935"}],"wp:term":[{"taxonomy":"category","embeddable":true,"href":"https:\/\/www.radiopresidenteibanez.cl\/web\/wp-json\/wp\/v2\/categories?post=16935"},{"taxonomy":"post_tag","embeddable":true,"href":"https:\/\/www.radiopresidenteibanez.cl\/web\/wp-json\/wp\/v2\/tags?post=16935"}],"curies":[{"name":"wp","href":"https:\/\/api.w.org\/{rel}","templated":true}]}}