{"id":16932,"date":"2020-12-14T02:45:00","date_gmt":"2020-12-14T02:45:00","guid":{"rendered":"https:\/\/www.radiopresidenteibanez.cl\/web\/?p=16932"},"modified":"2020-12-13T15:45:21","modified_gmt":"2020-12-13T15:45:21","slug":"municipio-inicio-entrega-de-canastas-enviadas-gracias-a-campana-vamos-chilenos","status":"publish","type":"post","link":"https:\/\/www.radiopresidenteibanez.cl\/web\/municipio-inicio-entrega-de-canastas-enviadas-gracias-a-campana-vamos-chilenos\/","title":{"rendered":"MUNICIPIO INICI\u00d3 ENTREGA DE CANASTAS ENVIADAS GRACIAS A CAMPA\u00d1A VAMOS CHILENOS"},"content":{"rendered":"\n<p>Desde este jueves (10 de diciembre), el Municipio de Punta\nArenas, a trav\u00e9s de la Direcci\u00f3n de Desarrollo Comunitario (Dideco), inici\u00f3 la\nentrega de canastas b\u00e1sicas enviadas gracias a la campa\u00f1a \u201cVamos Chilenos\u201d,\nrealizado a nivel nacional, para reunir recursos y ayuda para los adultos\nmayores de todo el pa\u00eds.<\/p>\n\n\n\n<p>Las canastas beneficiar\u00e1n a 517 adultos mayores, seg\u00fan la\nn\u00f3mina derivada, quienes deb\u00edan cumplir requisitos como ser mayores de 80 a\u00f1os,\nvivir solo y pertenecer al 40% m\u00e1s vulnerable, seg\u00fan el Registro Social de\nHogares.<\/p>\n\n\n\n<p>\u201cUna vez que esto termine venimos con la segunda etapa, que\nes la entrega de tel\u00e9fonos especiales, pero sobre todo, con acompa\u00f1amiento. Ya\nhemos suscrito un convenio con la Universidad Santo Tom\u00e1s para que alumnos de\nesta universidad puedan ir casa a casa, con mucho cuidado y mucho cari\u00f1o, como\nlo estamos haciendo nosotros, para que las personas mayores que han sido\nbeneficiadas por esta campa\u00f1a puedan utilizar de buena forma esta tecnolog\u00eda\u201d,\nafirm\u00f3 el alcalde de Punta Arenas, Claudio Radonich.<\/p>\n\n\n\n<p>La entrega de canastas finaliza este domingo, y luego, la\nsegunda etapa, que consiste en el uso de celulares especiales para los adultos\nmayores, se realizar\u00e1 en enero.<\/p>\n\n\n\n<p>La campa\u00f1a Vamos Chilenos fue organizada a nivel nacional\npor la Fundaci\u00f3n Conecta Mayor, de la Pontificia Universidad Cat\u00f3lica de Chile.<\/p>\n","protected":false},"excerpt":{"rendered":"<p>Desde este jueves (10 de diciembre), el Municipio de Punta Arenas, a trav\u00e9s de la Direcci\u00f3n de Desarrollo Comunitario (Dideco), inici\u00f3 la entrega de canastas b\u00e1sicas enviadas gracias a la&#8230; <a class=\"read-more\" href=\"https:\/\/www.radiopresidenteibanez.cl\/web\/municipio-inicio-entrega-de-canastas-enviadas-gracias-a-campana-vamos-chilenos\/\">Leer m\u00e1s<\/a><\/p>\n","protected":false},"author":2,"featured_media":16933,"comment_status":"closed","ping_status":"closed","sticky":false,"template":"","format":"standard","meta":{"footnotes":""},"categories":[1],"tags":[],"class_list":["post-16932","post","type-post","status-publish","format-standard","has-post-thumbnail","hentry","category-cronica"],"_links":{"self":[{"href":"https:\/\/www.radiopresidenteibanez.cl\/web\/wp-json\/wp\/v2\/posts\/16932","targetHints":{"allow":["GET"]}}],"collection":[{"href":"https:\/\/www.radiopresidenteibanez.cl\/web\/wp-json\/wp\/v2\/posts"}],"about":[{"href":"https:\/\/www.radiopresidenteibanez.cl\/web\/wp-json\/wp\/v2\/types\/post"}],"author":[{"embeddable":true,"href":"https:\/\/www.radiopresidenteibanez.cl\/web\/wp-json\/wp\/v2\/users\/2"}],"replies":[{"embeddable":true,"href":"https:\/\/www.radiopresidenteibanez.cl\/web\/wp-json\/wp\/v2\/comments?post=16932"}],"version-history":[{"count":0,"href":"https:\/\/www.radiopresidenteibanez.cl\/web\/wp-json\/wp\/v2\/posts\/16932\/revisions"}],"wp:featuredmedia":[{"embeddable":true,"href":"https:\/\/www.radiopresidenteibanez.cl\/web\/wp-json\/wp\/v2\/media\/16933"}],"wp:attachment":[{"href":"https:\/\/www.radiopresidenteibanez.cl\/web\/wp-json\/wp\/v2\/media?parent=16932"}],"wp:term":[{"taxonomy":"category","embeddable":true,"href":"https:\/\/www.radiopresidenteibanez.cl\/web\/wp-json\/wp\/v2\/categories?post=16932"},{"taxonomy":"post_tag","embeddable":true,"href":"https:\/\/www.radiopresidenteibanez.cl\/web\/wp-json\/wp\/v2\/tags?post=16932"}],"curies":[{"name":"wp","href":"https:\/\/api.w.org\/{rel}","templated":true}]}}