{"id":1691,"date":"2019-02-28T00:37:01","date_gmt":"2019-02-28T00:37:01","guid":{"rendered":"http:\/\/www.radiopresidenteibanez.cl\/web\/?p=1691"},"modified":"2019-02-28T00:37:41","modified_gmt":"2019-02-28T00:37:41","slug":"fallecimiento-de-marlene-mariman-alcalde-manifesto-que-durante-los-proximos-dias-se-deberia-terminar-el-sumario-interno-para-ver-responsabilidades","status":"publish","type":"post","link":"https:\/\/www.radiopresidenteibanez.cl\/web\/fallecimiento-de-marlene-mariman-alcalde-manifesto-que-durante-los-proximos-dias-se-deberia-terminar-el-sumario-interno-para-ver-responsabilidades\/","title":{"rendered":"FALLECIMIENTO DE MARLENE MARIM\u00c1N: ALCALDE MANIFEST\u00d3 QUE DURANTE LOS PR\u00d3XIMOS D\u00cdAS SE DEBER\u00cdA TERMINAR EL SUMARIO INTERNO PARA VER RESPONSABILIDADES"},"content":{"rendered":"\n<p>Lamentamos fallecimiento de Marlene Marim\u00e1n quien permaneci\u00f3 en el Hospital Clinico de nuestra regi\u00f3n, luego del accidente ocurrido el 21 dic. Alcalde Claudio Radonich, instruy\u00f3 sumario interno para determinar responsabilidades mientras Fiscal\u00eda investiga el accidente. <\/p>\n\n\n\n<p>El anterior fue parte del mensaje, realizado por la municipalidad a trav\u00e9s de la red social Facebook, as\u00ed tambi\u00e9n el alcalde explic\u00f3 que durante los pr\u00f3ximos d\u00edas se deber\u00eda concluir el sumario interno para ver responsabilidades, el cual se atras\u00f3 debido a que dos personas que se deb\u00edan interrogar se encontraban con vacaciones.<\/p>\n\n\n\n<p>La familia agradeci\u00f3 la ayuda prestada en varios momentos por el alcalde y el municipio, pero no descartan realizar acciones legales.<\/p>\n\n\n\n<ul class=\"wp-block-gallery columns-1 is-cropped wp-block-gallery-1 is-layout-flex wp-block-gallery-is-layout-flex\"><li class=\"blocks-gallery-item\"><figure><img loading=\"lazy\" decoding=\"async\" width=\"720\" height=\"960\" src=\"https:\/\/www.radiopresidenteibanez.cl\/web\/wp-content\/uploads\/2019\/02\/FB_IMG_1551280546916.jpg\" alt=\"\" data-id=\"1692\" data-link=\"https:\/\/www.radiopresidenteibanez.cl\/web\/?attachment_id=1692\" class=\"wp-image-1692\" srcset=\"https:\/\/www.radiopresidenteibanez.cl\/web\/wp-content\/uploads\/2019\/02\/FB_IMG_1551280546916.jpg 720w, https:\/\/www.radiopresidenteibanez.cl\/web\/wp-content\/uploads\/2019\/02\/FB_IMG_1551280546916-225x300.jpg 225w\" sizes=\"auto, (max-width: 720px) 100vw, 720px\" \/><\/figure><\/li><\/ul>\n","protected":false},"excerpt":{"rendered":"<p>Lamentamos fallecimiento de Marlene Marim\u00e1n quien permaneci\u00f3 en el Hospital Clinico de nuestra regi\u00f3n, luego del accidente ocurrido el 21 dic. Alcalde Claudio Radonich, instruy\u00f3 sumario interno para determinar responsabilidades&#8230; <a class=\"read-more\" href=\"https:\/\/www.radiopresidenteibanez.cl\/web\/fallecimiento-de-marlene-mariman-alcalde-manifesto-que-durante-los-proximos-dias-se-deberia-terminar-el-sumario-interno-para-ver-responsabilidades\/\">Leer m\u00e1s<\/a><\/p>\n","protected":false},"author":2,"featured_media":1692,"comment_status":"closed","ping_status":"closed","sticky":false,"template":"","format":"standard","meta":{"footnotes":""},"categories":[1],"tags":[],"class_list":["post-1691","post","type-post","status-publish","format-standard","has-post-thumbnail","hentry","category-cronica"],"_links":{"self":[{"href":"https:\/\/www.radiopresidenteibanez.cl\/web\/wp-json\/wp\/v2\/posts\/1691","targetHints":{"allow":["GET"]}}],"collection":[{"href":"https:\/\/www.radiopresidenteibanez.cl\/web\/wp-json\/wp\/v2\/posts"}],"about":[{"href":"https:\/\/www.radiopresidenteibanez.cl\/web\/wp-json\/wp\/v2\/types\/post"}],"author":[{"embeddable":true,"href":"https:\/\/www.radiopresidenteibanez.cl\/web\/wp-json\/wp\/v2\/users\/2"}],"replies":[{"embeddable":true,"href":"https:\/\/www.radiopresidenteibanez.cl\/web\/wp-json\/wp\/v2\/comments?post=1691"}],"version-history":[{"count":0,"href":"https:\/\/www.radiopresidenteibanez.cl\/web\/wp-json\/wp\/v2\/posts\/1691\/revisions"}],"wp:featuredmedia":[{"embeddable":true,"href":"https:\/\/www.radiopresidenteibanez.cl\/web\/wp-json\/wp\/v2\/media\/1692"}],"wp:attachment":[{"href":"https:\/\/www.radiopresidenteibanez.cl\/web\/wp-json\/wp\/v2\/media?parent=1691"}],"wp:term":[{"taxonomy":"category","embeddable":true,"href":"https:\/\/www.radiopresidenteibanez.cl\/web\/wp-json\/wp\/v2\/categories?post=1691"},{"taxonomy":"post_tag","embeddable":true,"href":"https:\/\/www.radiopresidenteibanez.cl\/web\/wp-json\/wp\/v2\/tags?post=1691"}],"curies":[{"name":"wp","href":"https:\/\/api.w.org\/{rel}","templated":true}]}}