{"id":16894,"date":"2020-12-12T00:04:45","date_gmt":"2020-12-12T00:04:45","guid":{"rendered":"https:\/\/www.radiopresidenteibanez.cl\/web\/?p=16894"},"modified":"2020-12-12T00:04:50","modified_gmt":"2020-12-12T00:04:50","slug":"veronica-aguilar-la-falta-de-igualdad-frente-a-la-cuarentena-y-lo-incongruente-de-las-senales-de-la-autoridad-nos-hacen-estar-en-tierra-de-nadie","status":"publish","type":"post","link":"https:\/\/www.radiopresidenteibanez.cl\/web\/veronica-aguilar-la-falta-de-igualdad-frente-a-la-cuarentena-y-lo-incongruente-de-las-senales-de-la-autoridad-nos-hacen-estar-en-tierra-de-nadie\/","title":{"rendered":"VER\u00d3NICA AGUILAR \u201cLA FALTA DE IGUALDAD FRENTE A LA CUARENTENA Y LO INCONGRUENTE DE LAS SE\u00d1ALES DE LA AUTORIDAD NOS HACEN ESTAR EN TIERRA DE NADIE\u201d"},"content":{"rendered":"\n<p>La concejala de Punta Arenas Ver\u00f3nica Aguilar se\u00f1al\u00f3 adem\u00e1s\nque \u201cno se entiende que algunos tengan la posibilidad de reactivarse y otros\nno. La situaci\u00f3n en Magallanes es tan cr\u00edtica, que los vecinos y vecinas se han\nmanifestado en reiteradas oportunidades. Siempre hemos pedido que se nos\nescuche, hemos insistido en una mesa social, en trabajar en equipo, pero con\neste Gobierno no hay caso.&nbsp; El vac\u00edo de\npoder se ha sentido profundamente y hoy en Punta Arenas tenemos actos\ndesesperados como la de los asociados gastron\u00f3micos, que comparto plenamente,\npues ante la indefensi\u00f3n gubernamental no queda otra que tratar de reactivarse\nde alguna manera\u201d.<\/p>\n\n\n\n<p>Asimismo, se\u00f1al\u00f3 que \u201ces m\u00e1s preocupante a\u00fan ver como una\nautoridad comunal organiza una feria navide\u00f1a, cuando la autoridad sanitaria\npermite solo para algunos la nueva normalidad. <\/p>\n\n\n\n<p>Dijo adem\u00e1s que \u201ctodav\u00eda quedan deudas con los gremios de\nlas y los peluqueros y estilistas, con nuestros feriantes de la 18 y la Lorca,\ncon vendedores ambulantes y peque\u00f1as pymes que ya cansados de esperar alguna\nrespuesta gubernamental, hoy toman las riendas del autocuidado y la apertura de\nsus locales.&nbsp; Los vecinos que salen a\ntrabajar lo hacen con el temor de contagiarse, pero es eso o el hambre y la\npobreza, situaci\u00f3n que este Gobierno no ha entendido, y que ha intentado callar\nbocas con bonos postulables y pr\u00e9stamos que claramente son insuficientes y no\nhan llegado a todos quienes lo necesitan\u201d.<\/p>\n","protected":false},"excerpt":{"rendered":"<p>La concejala de Punta Arenas Ver\u00f3nica Aguilar se\u00f1al\u00f3 adem\u00e1s que \u201cno se entiende que algunos tengan la posibilidad de reactivarse y otros no. La situaci\u00f3n en Magallanes es tan cr\u00edtica,&#8230; <a class=\"read-more\" href=\"https:\/\/www.radiopresidenteibanez.cl\/web\/veronica-aguilar-la-falta-de-igualdad-frente-a-la-cuarentena-y-lo-incongruente-de-las-senales-de-la-autoridad-nos-hacen-estar-en-tierra-de-nadie\/\">Leer m\u00e1s<\/a><\/p>\n","protected":false},"author":2,"featured_media":16895,"comment_status":"closed","ping_status":"closed","sticky":false,"template":"","format":"standard","meta":{"footnotes":""},"categories":[1],"tags":[],"class_list":["post-16894","post","type-post","status-publish","format-standard","has-post-thumbnail","hentry","category-cronica"],"_links":{"self":[{"href":"https:\/\/www.radiopresidenteibanez.cl\/web\/wp-json\/wp\/v2\/posts\/16894","targetHints":{"allow":["GET"]}}],"collection":[{"href":"https:\/\/www.radiopresidenteibanez.cl\/web\/wp-json\/wp\/v2\/posts"}],"about":[{"href":"https:\/\/www.radiopresidenteibanez.cl\/web\/wp-json\/wp\/v2\/types\/post"}],"author":[{"embeddable":true,"href":"https:\/\/www.radiopresidenteibanez.cl\/web\/wp-json\/wp\/v2\/users\/2"}],"replies":[{"embeddable":true,"href":"https:\/\/www.radiopresidenteibanez.cl\/web\/wp-json\/wp\/v2\/comments?post=16894"}],"version-history":[{"count":0,"href":"https:\/\/www.radiopresidenteibanez.cl\/web\/wp-json\/wp\/v2\/posts\/16894\/revisions"}],"wp:featuredmedia":[{"embeddable":true,"href":"https:\/\/www.radiopresidenteibanez.cl\/web\/wp-json\/wp\/v2\/media\/16895"}],"wp:attachment":[{"href":"https:\/\/www.radiopresidenteibanez.cl\/web\/wp-json\/wp\/v2\/media?parent=16894"}],"wp:term":[{"taxonomy":"category","embeddable":true,"href":"https:\/\/www.radiopresidenteibanez.cl\/web\/wp-json\/wp\/v2\/categories?post=16894"},{"taxonomy":"post_tag","embeddable":true,"href":"https:\/\/www.radiopresidenteibanez.cl\/web\/wp-json\/wp\/v2\/tags?post=16894"}],"curies":[{"name":"wp","href":"https:\/\/api.w.org\/{rel}","templated":true}]}}