{"id":16889,"date":"2020-12-11T20:01:52","date_gmt":"2020-12-11T20:01:52","guid":{"rendered":"https:\/\/www.radiopresidenteibanez.cl\/web\/?p=16889"},"modified":"2020-12-11T20:01:57","modified_gmt":"2020-12-11T20:01:57","slug":"cpc-magallanes-reitera-necesidad-de-cambiar-de-estrategia-frente-al-covid-19","status":"publish","type":"post","link":"https:\/\/www.radiopresidenteibanez.cl\/web\/cpc-magallanes-reitera-necesidad-de-cambiar-de-estrategia-frente-al-covid-19\/","title":{"rendered":"CPC MAGALLANES REITERA NECESIDAD DE CAMBIAR DE ESTRATEGIA FRENTE AL COVID-19"},"content":{"rendered":"\n<p>La multigremial regional, CPC Magallanes, hizo un llamado a las autoridades a cambiar de estrategia para combatir la pandemia del covid-19, luego que los hechos demostraran que la actual cuarentena no logr\u00f3 su objetivo de disminuir los casos y de retornar a la normalidad.<\/p>\n\n\n\n<p>El presidente del gremio empresarial, Alejandro Kusanovic, dijo que al prolongarse las medidas restrictivas se ha agudizado el escenario econ\u00f3mico azotando los bolsillos de las familias magall\u00e1nicas y que esto puede convertirse en un caldo de cultivo para expresiones de malestar ciudadano.<\/p>\n\n\n\n<p>\u201cLa autoridad no puede repetir los errores de la crisis del gas, en la que, por no escuchar las demandas leg\u00edtimas de las personas y las empresas, terminaron por provocar un levantamiento masivo en contra del gobierno\u201d, alert\u00f3 Kusanovic.<\/p>\n\n\n\n<p>En ese sentido, el l\u00edder gremial dijo que se debe cambiar de estrategia poniendo \u00e9nfasis en el comportamiento de las personas en sus casas y en la interacci\u00f3n con su c\u00edrculo \u00edntimo, instancia en donde las mismas autoridades de Salud han se\u00f1alado que est\u00e1n ocurriendo la mayor parte de los contagios de coronavirus.<\/p>\n\n\n\n<p>Hizo un llamado a abordar una campa\u00f1a comunicacional tendiente a orientar a los magall\u00e1nicos a c\u00f3mo comportarse frente a los adultos mayores y personas de riesgo, asumiendo conductas preventivas.<\/p>\n","protected":false},"excerpt":{"rendered":"<p>La multigremial regional, CPC Magallanes, hizo un llamado a las autoridades a cambiar de estrategia para combatir la pandemia del covid-19, luego que los hechos demostraran que la actual cuarentena&#8230; <a class=\"read-more\" href=\"https:\/\/www.radiopresidenteibanez.cl\/web\/cpc-magallanes-reitera-necesidad-de-cambiar-de-estrategia-frente-al-covid-19\/\">Leer m\u00e1s<\/a><\/p>\n","protected":false},"author":2,"featured_media":16890,"comment_status":"closed","ping_status":"closed","sticky":false,"template":"","format":"standard","meta":{"footnotes":""},"categories":[1],"tags":[],"class_list":["post-16889","post","type-post","status-publish","format-standard","has-post-thumbnail","hentry","category-cronica"],"_links":{"self":[{"href":"https:\/\/www.radiopresidenteibanez.cl\/web\/wp-json\/wp\/v2\/posts\/16889","targetHints":{"allow":["GET"]}}],"collection":[{"href":"https:\/\/www.radiopresidenteibanez.cl\/web\/wp-json\/wp\/v2\/posts"}],"about":[{"href":"https:\/\/www.radiopresidenteibanez.cl\/web\/wp-json\/wp\/v2\/types\/post"}],"author":[{"embeddable":true,"href":"https:\/\/www.radiopresidenteibanez.cl\/web\/wp-json\/wp\/v2\/users\/2"}],"replies":[{"embeddable":true,"href":"https:\/\/www.radiopresidenteibanez.cl\/web\/wp-json\/wp\/v2\/comments?post=16889"}],"version-history":[{"count":0,"href":"https:\/\/www.radiopresidenteibanez.cl\/web\/wp-json\/wp\/v2\/posts\/16889\/revisions"}],"wp:featuredmedia":[{"embeddable":true,"href":"https:\/\/www.radiopresidenteibanez.cl\/web\/wp-json\/wp\/v2\/media\/16890"}],"wp:attachment":[{"href":"https:\/\/www.radiopresidenteibanez.cl\/web\/wp-json\/wp\/v2\/media?parent=16889"}],"wp:term":[{"taxonomy":"category","embeddable":true,"href":"https:\/\/www.radiopresidenteibanez.cl\/web\/wp-json\/wp\/v2\/categories?post=16889"},{"taxonomy":"post_tag","embeddable":true,"href":"https:\/\/www.radiopresidenteibanez.cl\/web\/wp-json\/wp\/v2\/tags?post=16889"}],"curies":[{"name":"wp","href":"https:\/\/api.w.org\/{rel}","templated":true}]}}