{"id":16879,"date":"2020-12-12T02:30:00","date_gmt":"2020-12-12T02:30:00","guid":{"rendered":"https:\/\/www.radiopresidenteibanez.cl\/web\/?p=16879"},"modified":"2020-12-11T19:54:09","modified_gmt":"2020-12-11T19:54:09","slug":"quiero-mi-barrio-realizo-premiacion-a-ganadores-de-concursos-vecinales-del-sector-eusebio-lillo-cumbres-patagonicas","status":"publish","type":"post","link":"https:\/\/www.radiopresidenteibanez.cl\/web\/quiero-mi-barrio-realizo-premiacion-a-ganadores-de-concursos-vecinales-del-sector-eusebio-lillo-cumbres-patagonicas\/","title":{"rendered":"QUIERO MI BARRIO REALIZ\u00d3 PREMIACI\u00d3N A GANADORES DE CONCURSOS VECINALES DEL SECTOR EUSEBIO LILLO-CUMBRES PATAG\u00d3NICAS"},"content":{"rendered":"\n<p>Resguardando las correspondientes medidas de distanciamiento, vecinas y vecinos del barrio Eusebio Lillo-Cumbres Patag\u00f3nicas, se dieron cita en la multicancha del sector para premiar a los ganadores de los concursos on-line impulsados durante los \u00faltimos meses a trav\u00e9s del Programa Quiero Mi Barrio del Ministerio de Vivienda y Urbanismo, en alianza con la Ilustre Municipalidad de Punta Arenas.<\/p>\n\n\n\n<p>La actividad, que cont\u00f3 con la participaci\u00f3n del seremi del ramo, Jos\u00e9 Miguel Horcos, junto a equipos sectoriales y municipales del Programa, consisti\u00f3 en la&nbsp;entrega de un presente a cada ganador y ganadora por categor\u00eda de los concursos \u201cTalentos Dieciocheros\u201d, \u201cCuentos y Relatos Libres\u201d y de dibujo y pintura infantil \u201cMi Barrio, Mi Familia Mi Vida\u201d.<\/p>\n\n\n\n<p>Al respecto, la presidenta del Consejo Vecinal de Desarrollo, Ximena Mella Arteaga, destac\u00f3 que \u201cestos concursos online han ayudado much\u00edsimo a fortalecernos y mantenernos unidos como vecinos, tanto de Eusebio Lillo como de Cumbres Patag\u00f3nicas, as\u00ed que los invito a continuar participando en todas las actividades que el Programa Quiero Mi Barrio nos ofrece y un saludo fraternal a todos los vecinos porque ya nos volveremos a reunir\u201d.<\/p>\n\n\n\n<p>Consecuentemente, el concurso de \u201cTalentos Dieciocheros\u201d, busc\u00f3 incentivar a vecinas y vecinos para registrar sus actividades familiares en Fiestas Patrias, como m\u00fasica, bailes o juegos t\u00edpicos, entre otros, mientras que el certamen de \u201cCuentos y Relatos Libres\u201d, similarmente al de dibujo y pintura infantil, tuvieron como objetivo rescatar la memoria de vecinos y vecinas cuando llegaron al barrio, recuerdos de vecinos c\u00e9lebres, o historias y experiencias vividas con la situaci\u00f3n actual de encierro y restricciones producto de la pandemia.<\/p>\n\n\n\n<p>En este sentido, el seremi Jos\u00e9 Miguel Horcos destac\u00f3 la participaci\u00f3n de los vecinos en las actividades durante la pandemia: \u201cHa sido muy importante porque hemos podido sincronizar con los vecinos y seguir con nuestra intervenci\u00f3n social, las mesas de discusi\u00f3n de lo que queremos en los barrios, y esto refleja el esfuerzo y compromiso que tiene cada uno de los vecinos de Magallanes con nuestro Programa, siendo que a pesar de la pandemia hemos seguido trabajando y esto habla muy bien de ellos y nuestro Ministerio.\u201d<\/p>\n\n\n\n<p>Por su parte, la ganadora del concurso de dibujo y pintura en categor\u00eda 6 a 10 a\u00f1os, Catalina Griffin Navarro, resalt\u00f3 que \u201cEs muy emocionante, me gusta dibujar, me gusta hacer arte, mi clase favorita es de arte, dibuj\u00e9 ese parque que est\u00e1 all\u00e1 arriba, quer\u00eda que le hagan un laguito, que arreglen todo el parque, que jueguen m\u00e1s ni\u00f1os, me gusta ese parque, pero quiero que lo arreglen m\u00e1s.\u201d<\/p>\n\n\n\n<p>Igualmente, una menci\u00f3n honrosa en el concurso de cuentos se llev\u00f3 el conocido vecino don Custodio Vel\u00e1squez \u00c1guila, quien manifest\u00f3: \u201cMuy bonito el evento que se ha hecho y los concursos muy gravitantes para el adulto mayor y la juventud que puede participar, la gente me reconoce porque yo fui iniciador de esta Junta de Vecinos, incluso esa placita que est\u00e1 al fondo lleva mi nombre.\u201d<br><\/p>\n","protected":false},"excerpt":{"rendered":"<p>Resguardando las correspondientes medidas de distanciamiento, vecinas y vecinos del barrio Eusebio Lillo-Cumbres Patag\u00f3nicas, se dieron cita en la multicancha del sector para premiar a los ganadores de los concursos&#8230; <a class=\"read-more\" href=\"https:\/\/www.radiopresidenteibanez.cl\/web\/quiero-mi-barrio-realizo-premiacion-a-ganadores-de-concursos-vecinales-del-sector-eusebio-lillo-cumbres-patagonicas\/\">Leer m\u00e1s<\/a><\/p>\n","protected":false},"author":2,"featured_media":16880,"comment_status":"closed","ping_status":"closed","sticky":false,"template":"","format":"standard","meta":{"footnotes":""},"categories":[1],"tags":[],"class_list":["post-16879","post","type-post","status-publish","format-standard","has-post-thumbnail","hentry","category-cronica"],"_links":{"self":[{"href":"https:\/\/www.radiopresidenteibanez.cl\/web\/wp-json\/wp\/v2\/posts\/16879","targetHints":{"allow":["GET"]}}],"collection":[{"href":"https:\/\/www.radiopresidenteibanez.cl\/web\/wp-json\/wp\/v2\/posts"}],"about":[{"href":"https:\/\/www.radiopresidenteibanez.cl\/web\/wp-json\/wp\/v2\/types\/post"}],"author":[{"embeddable":true,"href":"https:\/\/www.radiopresidenteibanez.cl\/web\/wp-json\/wp\/v2\/users\/2"}],"replies":[{"embeddable":true,"href":"https:\/\/www.radiopresidenteibanez.cl\/web\/wp-json\/wp\/v2\/comments?post=16879"}],"version-history":[{"count":0,"href":"https:\/\/www.radiopresidenteibanez.cl\/web\/wp-json\/wp\/v2\/posts\/16879\/revisions"}],"wp:featuredmedia":[{"embeddable":true,"href":"https:\/\/www.radiopresidenteibanez.cl\/web\/wp-json\/wp\/v2\/media\/16880"}],"wp:attachment":[{"href":"https:\/\/www.radiopresidenteibanez.cl\/web\/wp-json\/wp\/v2\/media?parent=16879"}],"wp:term":[{"taxonomy":"category","embeddable":true,"href":"https:\/\/www.radiopresidenteibanez.cl\/web\/wp-json\/wp\/v2\/categories?post=16879"},{"taxonomy":"post_tag","embeddable":true,"href":"https:\/\/www.radiopresidenteibanez.cl\/web\/wp-json\/wp\/v2\/tags?post=16879"}],"curies":[{"name":"wp","href":"https:\/\/api.w.org\/{rel}","templated":true}]}}