{"id":16872,"date":"2020-12-11T19:44:35","date_gmt":"2020-12-11T19:44:35","guid":{"rendered":"https:\/\/www.radiopresidenteibanez.cl\/web\/?p=16872"},"modified":"2020-12-11T19:44:40","modified_gmt":"2020-12-11T19:44:40","slug":"seremi-de-economia-destaca-proyecciones-de-crecimiento-para-el-pais-en-2021-entre-55-y-65","status":"publish","type":"post","link":"https:\/\/www.radiopresidenteibanez.cl\/web\/seremi-de-economia-destaca-proyecciones-de-crecimiento-para-el-pais-en-2021-entre-55-y-65\/","title":{"rendered":"SEREMI DE ECONOM\u00cdA DESTACA PROYECCIONES DE CRECIMIENTO PARA EL PA\u00cdS EN 2021 ENTRE 5,5% Y 6,5%"},"content":{"rendered":"\n<p>A pesar de que el presente a\u00f1o ha\nestado marcado por la crisis sanitaria y los importantes efectos sociales y\necon\u00f3micos que ha generado, un escenario no previsto y que no se hab\u00eda\nevidenciado en d\u00e9cadas, el informe de Pol\u00edtica Monetaria del Banco Central de\nChile expuesto el mi\u00e9rcoles 09 de diciembre por el Presidente del Banco Central,\nMario Marcel, ante la Comisi\u00f3n de Hacienda del Senado, destaca que para el\npr\u00f3ximo a\u00f1o se estima un crecimiento nacional entre un 5,5 y 6,5%, y entre 3% y\n4% en 2022.<\/p>\n\n\n\n<p>El pr\u00f3ximo a\u00f1o ser\u00e1 de arduo\ntrabajo y desaf\u00edos en materia de recuperaci\u00f3n econ\u00f3mica, lo cual estar\u00e1\ncondicionado por la evoluci\u00f3n de la pandemia y sus efectos en los ingresos de\nlas empresas y personas en el territorio nacional. Sin embargo, a mediano\nplazo, el escenario y proyecciones econ\u00f3micas debiesen ser favorables debido al\navance en el desarrollo de la vacuna contra el COVID-19.<\/p>\n\n\n\n<p>Respecto al sector comercio, se\nespera que el efecto de la recuperaci\u00f3n de los ingresos del trabajo, las\ntransferencias gubernamentales y el retiro de ahorros previsionales, el consumo\nprivado aumente en torno a 11% en 2021, despu\u00e9s de retroceder cerca de 7% en\n2020\u201d.<\/p>\n\n\n\n<p>Ante esto, la Seremi de Econom\u00eda,\nFomento y Turismo se\u00f1al\u00f3 \u201cEl confinamiento y las restricciones sanitarias que\nse han debido implementar este a\u00f1o para la contenci\u00f3n del Covid-19, han\ngenerado una significativa contracci\u00f3n a la actividad econ\u00f3mica nacional. Es\npor ello que desde el Ministerio de Econom\u00eda hemos trabajado desde el primer\nmomento con los sectores productivos para contar con protocolos que permitan\nque el desarrollo de las mismas se realice en forma responsable. Tambi\u00e9n se ha\ntrabajado con fuerza en diversos instrumentos de fomento que sirvan de apoyo a\nlas empresas en sus procesos de reactivaci\u00f3n, la cual ir\u00e1 tomando fuerza en la\nmedida que los territorios vayan avanzando en el Plan Paso a Paso. Esta mejora\nen las proyecciones de crecimiento para 2021 es sin duda una positiva se\u00f1al\nrespecto a la fuerza que tendr\u00e1 la reactivaci\u00f3n el pr\u00f3ximo a\u00f1o\u201d.&nbsp; <\/p>\n\n\n\n<p>Referente a la inversi\u00f3n, esta ha\ntenido una leve mejor\u00eda en lo m\u00e1s reciente, favorecida por la gradual\nreanudaci\u00f3n de obras y faenas, aunque permanece m\u00e1s rezagada que lo anticipado.\nTras caer 13% este a\u00f1o, para 2021 se proyecta que la formaci\u00f3n bruta de capital\nfijo aumente 7,3%.<\/p>\n","protected":false},"excerpt":{"rendered":"<p>A pesar de que el presente a\u00f1o ha estado marcado por la crisis sanitaria y los importantes efectos sociales y econ\u00f3micos que ha generado, un escenario no previsto y que&#8230; <a class=\"read-more\" href=\"https:\/\/www.radiopresidenteibanez.cl\/web\/seremi-de-economia-destaca-proyecciones-de-crecimiento-para-el-pais-en-2021-entre-55-y-65\/\">Leer m\u00e1s<\/a><\/p>\n","protected":false},"author":2,"featured_media":10946,"comment_status":"closed","ping_status":"closed","sticky":false,"template":"","format":"standard","meta":{"footnotes":""},"categories":[1],"tags":[],"class_list":["post-16872","post","type-post","status-publish","format-standard","has-post-thumbnail","hentry","category-cronica"],"_links":{"self":[{"href":"https:\/\/www.radiopresidenteibanez.cl\/web\/wp-json\/wp\/v2\/posts\/16872","targetHints":{"allow":["GET"]}}],"collection":[{"href":"https:\/\/www.radiopresidenteibanez.cl\/web\/wp-json\/wp\/v2\/posts"}],"about":[{"href":"https:\/\/www.radiopresidenteibanez.cl\/web\/wp-json\/wp\/v2\/types\/post"}],"author":[{"embeddable":true,"href":"https:\/\/www.radiopresidenteibanez.cl\/web\/wp-json\/wp\/v2\/users\/2"}],"replies":[{"embeddable":true,"href":"https:\/\/www.radiopresidenteibanez.cl\/web\/wp-json\/wp\/v2\/comments?post=16872"}],"version-history":[{"count":0,"href":"https:\/\/www.radiopresidenteibanez.cl\/web\/wp-json\/wp\/v2\/posts\/16872\/revisions"}],"wp:featuredmedia":[{"embeddable":true,"href":"https:\/\/www.radiopresidenteibanez.cl\/web\/wp-json\/wp\/v2\/media\/10946"}],"wp:attachment":[{"href":"https:\/\/www.radiopresidenteibanez.cl\/web\/wp-json\/wp\/v2\/media?parent=16872"}],"wp:term":[{"taxonomy":"category","embeddable":true,"href":"https:\/\/www.radiopresidenteibanez.cl\/web\/wp-json\/wp\/v2\/categories?post=16872"},{"taxonomy":"post_tag","embeddable":true,"href":"https:\/\/www.radiopresidenteibanez.cl\/web\/wp-json\/wp\/v2\/tags?post=16872"}],"curies":[{"name":"wp","href":"https:\/\/api.w.org\/{rel}","templated":true}]}}