{"id":16870,"date":"2020-12-11T19:40:01","date_gmt":"2020-12-11T19:40:01","guid":{"rendered":"https:\/\/www.radiopresidenteibanez.cl\/web\/?p=16870"},"modified":"2020-12-12T00:02:21","modified_gmt":"2020-12-12T00:02:21","slug":"presupuesto-municipal-de-natales-fue-aprobado-por-8-257-millones-de-pesos-para-el-ano-2021","status":"publish","type":"post","link":"https:\/\/www.radiopresidenteibanez.cl\/web\/presupuesto-municipal-de-natales-fue-aprobado-por-8-257-millones-de-pesos-para-el-ano-2021\/","title":{"rendered":"PRESUPUESTO MUNICIPAL DE NATALES FUE APROBADO POR 8.257 MILLONES DE PESOS PARA EL A\u00d1O 2021"},"content":{"rendered":"\n<p>Tras un extenso\nan\u00e1lisis hecho por el alcalde y cuerpo de concejales de la comuna, se dio a\nconocer a la comunidad el presupuesto que administrar\u00e1 la Ilustre Municipalidad\nde Natales para el a\u00f1o 2021. M\u00e1s de 8.000 millones de pesos estar\u00e1n\nestructurados para el presupuesto de ingresos y gastos del municipio.<\/p>\n\n\n\n<p>Dentro de los lineamientos\nque establecieron las autoridades comunales, se acord\u00f3 aumentar el presupuesto para\nla \u00e1rea de salud, la cual contempla un aumento de 32 millones de pesos y\ndejando un total de 122 millones de pesos destinados espec\u00edficamente para\npotenciar la \u00e1rea de salud mental del Cesfam de Puerto Natales con la\ncontrataci\u00f3n de dos profesionales de psicolog\u00eda. <\/p>\n\n\n\n<p>La m\u00e1xima\nautoridad comunal, inform\u00f3 las medidas que se tomaron para poder aumentar el\npresupuesto al \u00e1rea de salud, \u201cPara poder darle una relevancia a salud mental,\nhubo que rebajar gastos en publicidad, que es una mirada que tuvo el concejo\nmunicipal para poder reducir costos en publicidad y poder potenciar la salud\nmental, desde la perspectiva del \u00e1rea de salud de nuestra administraci\u00f3n\nmunicipal\u201d. <\/p>\n\n\n\n<p>El presupuesto\ndestinado al \u00e1rea de la educaci\u00f3n se mantiene respecto al presupuesto del a\u00f1o\n2020, que equivale a 400 millones de pesos. <\/p>\n\n\n\n<p>Finalmente, el\nedil de Natales, entreg\u00f3 palabras de agradecimiento al trabajo realizado para\naprobar el presupuesto municipal del a\u00f1o 2021, \u201cQuiero agradecer la disposici\u00f3n\ny el trabajo de cada una de las concejalas y los concejales de Natales por la\naprobaci\u00f3n del presupuesto municipal a\u00f1o 2021, teniendo en consideraci\u00f3n\ndistintos elementos pero tambi\u00e9n no dejar de lado la situaci\u00f3n presupuestaria\ncompleja que nos deja la pandemia en este a\u00f1o 2020\u201d. <\/p>\n","protected":false},"excerpt":{"rendered":"<p>Tras un extenso an\u00e1lisis hecho por el alcalde y cuerpo de concejales de la comuna, se dio a conocer a la comunidad el presupuesto que administrar\u00e1 la Ilustre Municipalidad de&#8230; <a class=\"read-more\" href=\"https:\/\/www.radiopresidenteibanez.cl\/web\/presupuesto-municipal-de-natales-fue-aprobado-por-8-257-millones-de-pesos-para-el-ano-2021\/\">Leer m\u00e1s<\/a><\/p>\n","protected":false},"author":2,"featured_media":14301,"comment_status":"closed","ping_status":"closed","sticky":false,"template":"","format":"standard","meta":{"footnotes":""},"categories":[1],"tags":[],"class_list":["post-16870","post","type-post","status-publish","format-standard","has-post-thumbnail","hentry","category-cronica"],"_links":{"self":[{"href":"https:\/\/www.radiopresidenteibanez.cl\/web\/wp-json\/wp\/v2\/posts\/16870","targetHints":{"allow":["GET"]}}],"collection":[{"href":"https:\/\/www.radiopresidenteibanez.cl\/web\/wp-json\/wp\/v2\/posts"}],"about":[{"href":"https:\/\/www.radiopresidenteibanez.cl\/web\/wp-json\/wp\/v2\/types\/post"}],"author":[{"embeddable":true,"href":"https:\/\/www.radiopresidenteibanez.cl\/web\/wp-json\/wp\/v2\/users\/2"}],"replies":[{"embeddable":true,"href":"https:\/\/www.radiopresidenteibanez.cl\/web\/wp-json\/wp\/v2\/comments?post=16870"}],"version-history":[{"count":0,"href":"https:\/\/www.radiopresidenteibanez.cl\/web\/wp-json\/wp\/v2\/posts\/16870\/revisions"}],"wp:featuredmedia":[{"embeddable":true,"href":"https:\/\/www.radiopresidenteibanez.cl\/web\/wp-json\/wp\/v2\/media\/14301"}],"wp:attachment":[{"href":"https:\/\/www.radiopresidenteibanez.cl\/web\/wp-json\/wp\/v2\/media?parent=16870"}],"wp:term":[{"taxonomy":"category","embeddable":true,"href":"https:\/\/www.radiopresidenteibanez.cl\/web\/wp-json\/wp\/v2\/categories?post=16870"},{"taxonomy":"post_tag","embeddable":true,"href":"https:\/\/www.radiopresidenteibanez.cl\/web\/wp-json\/wp\/v2\/tags?post=16870"}],"curies":[{"name":"wp","href":"https:\/\/api.w.org\/{rel}","templated":true}]}}