{"id":16860,"date":"2020-12-11T19:27:19","date_gmt":"2020-12-11T19:27:19","guid":{"rendered":"https:\/\/www.radiopresidenteibanez.cl\/web\/?p=16860"},"modified":"2020-12-11T19:27:26","modified_gmt":"2020-12-11T19:27:26","slug":"preocupacion-existe-en-el-gremio-aduanero-en-magallanes-por-gran-cantidad-de-vehiculos-que-estan-cruzando-por-paso-fronterizos","status":"publish","type":"post","link":"https:\/\/www.radiopresidenteibanez.cl\/web\/preocupacion-existe-en-el-gremio-aduanero-en-magallanes-por-gran-cantidad-de-vehiculos-que-estan-cruzando-por-paso-fronterizos\/","title":{"rendered":"PREOCUPACI\u00d3N EXISTE EN EL GREMIO ADUANERO EN MAGALLANES POR GRAN CANTIDAD DE VEH\u00cdCULOS QUE EST\u00c1N CRUZANDO POR PASO FRONTERIZOS"},"content":{"rendered":"\n<p>Claudio alvaradejo dirigente Regional de aduanas dio conocer\nsu preocupaci\u00f3n por lo que est\u00e1 sucediendo en los pasos fronterizos\nespecialmente de San Sebasti\u00e1n en tierra del fuego y monte aymond en la\nprovincia de Magallanes<\/p>\n\n\n\n<p>Revisando la estad\u00edstica de pasos de veh\u00edculos por nuestras\nfronteras entre mes de octubre y el mes de noviembre no se super\u00f3 el n\u00famero de\n220 veh\u00edculos particulares que hayan transitado por los pasos fronterizos\nactualmente a 11 d\u00edas del inicio del \u00faltimo mes del a\u00f1o ya tenemos m\u00e1s de 330\nveh\u00edculos que han circulado Esto es preocupante para nosotros como trabajadores\npensando que existen cordones sanitarios y as\u00ed existe tambi\u00e9n mucha facilidad\nde traslado de provincia Argentina a otra provincia del mismo pa\u00eds pasando por\nSan Sebasti\u00e1n y monte aymond en la regi\u00f3n de Magallanes se\u00f1al\u00f3 el dirigente<\/p>\n\n\n\n<p>Dada la contingencia sanitaria que se est\u00e1 viviendo esperamos tambi\u00e9n que los pr\u00f3ximos d\u00edas se puedan reforzar los dos pasos fronterizos tanto por personal sanitario como personal aduanero Jackie para todos es sabido el mes de diciembre existe tambi\u00e9n gran cantidad de movimiento producto de las fechas de Navidad y A\u00f1o Nuevo donde tambi\u00e9n el abastecimiento es m\u00e1s necesario porque la gente compra en mayor cantidad y a su vez trae consigo un mayor movimiento vehicular de camiones para evitar el desabastecimiento en nuestra regi\u00f3n Finaliz\u00f3 indicando el dirigente gremial de aduanas chile Claudio alvaradejo<\/p>\n\n\n\n<p><\/p>\n\n\n\n<p>DMG.<\/p>\n\n\n\n<figure class=\"wp-block-gallery columns-2 is-cropped wp-block-gallery-1 is-layout-flex wp-block-gallery-is-layout-flex\"><ul class=\"blocks-gallery-grid\"><li class=\"blocks-gallery-item\"><figure><img loading=\"lazy\" decoding=\"async\" width=\"1024\" height=\"576\" src=\"https:\/\/www.radiopresidenteibanez.cl\/web\/wp-content\/uploads\/2020\/12\/IMG-20201211-WA0037-1024x576.jpg\" alt=\"\" data-id=\"16861\" data-full-url=\"https:\/\/www.radiopresidenteibanez.cl\/web\/wp-content\/uploads\/2020\/12\/IMG-20201211-WA0037.jpg\" data-link=\"https:\/\/www.radiopresidenteibanez.cl\/web\/?attachment_id=16861\" class=\"wp-image-16861\" srcset=\"https:\/\/www.radiopresidenteibanez.cl\/web\/wp-content\/uploads\/2020\/12\/IMG-20201211-WA0037-1024x576.jpg 1024w, https:\/\/www.radiopresidenteibanez.cl\/web\/wp-content\/uploads\/2020\/12\/IMG-20201211-WA0037-300x169.jpg 300w, https:\/\/www.radiopresidenteibanez.cl\/web\/wp-content\/uploads\/2020\/12\/IMG-20201211-WA0037-768x432.jpg 768w, https:\/\/www.radiopresidenteibanez.cl\/web\/wp-content\/uploads\/2020\/12\/IMG-20201211-WA0037.jpg 1280w\" sizes=\"auto, (max-width: 1024px) 100vw, 1024px\" \/><\/figure><\/li><li class=\"blocks-gallery-item\"><figure><img loading=\"lazy\" decoding=\"async\" width=\"1024\" height=\"576\" src=\"https:\/\/www.radiopresidenteibanez.cl\/web\/wp-content\/uploads\/2020\/12\/IMG-20201211-WA0036-1024x576.jpg\" alt=\"\" data-id=\"16862\" data-full-url=\"https:\/\/www.radiopresidenteibanez.cl\/web\/wp-content\/uploads\/2020\/12\/IMG-20201211-WA0036.jpg\" data-link=\"https:\/\/www.radiopresidenteibanez.cl\/web\/?attachment_id=16862\" class=\"wp-image-16862\" srcset=\"https:\/\/www.radiopresidenteibanez.cl\/web\/wp-content\/uploads\/2020\/12\/IMG-20201211-WA0036-1024x576.jpg 1024w, https:\/\/www.radiopresidenteibanez.cl\/web\/wp-content\/uploads\/2020\/12\/IMG-20201211-WA0036-300x169.jpg 300w, https:\/\/www.radiopresidenteibanez.cl\/web\/wp-content\/uploads\/2020\/12\/IMG-20201211-WA0036-768x432.jpg 768w, https:\/\/www.radiopresidenteibanez.cl\/web\/wp-content\/uploads\/2020\/12\/IMG-20201211-WA0036.jpg 1280w\" sizes=\"auto, (max-width: 1024px) 100vw, 1024px\" \/><\/figure><\/li><\/ul><\/figure>\n","protected":false},"excerpt":{"rendered":"<p>Claudio alvaradejo dirigente Regional de aduanas dio conocer su preocupaci\u00f3n por lo que est\u00e1 sucediendo en los pasos fronterizos especialmente de San Sebasti\u00e1n en tierra del fuego y monte aymond&#8230; <a class=\"read-more\" href=\"https:\/\/www.radiopresidenteibanez.cl\/web\/preocupacion-existe-en-el-gremio-aduanero-en-magallanes-por-gran-cantidad-de-vehiculos-que-estan-cruzando-por-paso-fronterizos\/\">Leer m\u00e1s<\/a><\/p>\n","protected":false},"author":2,"featured_media":16861,"comment_status":"closed","ping_status":"closed","sticky":false,"template":"","format":"standard","meta":{"footnotes":""},"categories":[1],"tags":[],"class_list":["post-16860","post","type-post","status-publish","format-standard","has-post-thumbnail","hentry","category-cronica"],"_links":{"self":[{"href":"https:\/\/www.radiopresidenteibanez.cl\/web\/wp-json\/wp\/v2\/posts\/16860","targetHints":{"allow":["GET"]}}],"collection":[{"href":"https:\/\/www.radiopresidenteibanez.cl\/web\/wp-json\/wp\/v2\/posts"}],"about":[{"href":"https:\/\/www.radiopresidenteibanez.cl\/web\/wp-json\/wp\/v2\/types\/post"}],"author":[{"embeddable":true,"href":"https:\/\/www.radiopresidenteibanez.cl\/web\/wp-json\/wp\/v2\/users\/2"}],"replies":[{"embeddable":true,"href":"https:\/\/www.radiopresidenteibanez.cl\/web\/wp-json\/wp\/v2\/comments?post=16860"}],"version-history":[{"count":0,"href":"https:\/\/www.radiopresidenteibanez.cl\/web\/wp-json\/wp\/v2\/posts\/16860\/revisions"}],"wp:featuredmedia":[{"embeddable":true,"href":"https:\/\/www.radiopresidenteibanez.cl\/web\/wp-json\/wp\/v2\/media\/16861"}],"wp:attachment":[{"href":"https:\/\/www.radiopresidenteibanez.cl\/web\/wp-json\/wp\/v2\/media?parent=16860"}],"wp:term":[{"taxonomy":"category","embeddable":true,"href":"https:\/\/www.radiopresidenteibanez.cl\/web\/wp-json\/wp\/v2\/categories?post=16860"},{"taxonomy":"post_tag","embeddable":true,"href":"https:\/\/www.radiopresidenteibanez.cl\/web\/wp-json\/wp\/v2\/tags?post=16860"}],"curies":[{"name":"wp","href":"https:\/\/api.w.org\/{rel}","templated":true}]}}