{"id":16842,"date":"2020-12-10T01:47:02","date_gmt":"2020-12-10T01:47:02","guid":{"rendered":"https:\/\/www.radiopresidenteibanez.cl\/web\/?p=16842"},"modified":"2020-12-10T01:47:08","modified_gmt":"2020-12-10T01:47:08","slug":"magallanica-fue-la-ganadora-nacional-de-la-sexta-version-del-concurso-literario-confieso-que-he-vivido-de-senama","status":"publish","type":"post","link":"https:\/\/www.radiopresidenteibanez.cl\/web\/magallanica-fue-la-ganadora-nacional-de-la-sexta-version-del-concurso-literario-confieso-que-he-vivido-de-senama\/","title":{"rendered":"MAGALL\u00c1NICA FUE LA GANADORA NACIONAL DE LA SEXTA VERSI\u00d3N DEL CONCURSO LITERARIO \u201cCONFIESO QUE HE VIVIDO\u201d DE SENAMA"},"content":{"rendered":"\n<p>A trav\u00e9s de un evento virtual,\nlos ganadores regionales y quienes resultaron con \u201cMenciones Honrosas\u201d\ndel&nbsp;<strong>Concurso\nLiterario Autobiogr\u00e1fico para Personas Mayores Confieso que he Vivido 2020<\/strong>,\nparticiparon de la premiaci\u00f3n de esta sexta versi\u00f3n del concurso, momento en el\ncual se present\u00f3 la edici\u00f3n 2020 del libro que contiene los relatos ganadores de\ncada regi\u00f3n.<\/p>\n\n\n\n<p>Este concurso literario busca\ncontribuir al envejecimiento activo de las personas mayores, proporcionando un\nespacio de expresi\u00f3n, que sobre todo este a\u00f1o en tiempos de pandemia, fue\nfuertemente valorado por las personas mayores, recibi\u00e9ndose 1.344 relatos de\ntodo el pa\u00eds, cifra hist\u00f3rica tanto por la cantidad, como por el contexto\nsanitario en el cual se desarroll\u00f3 la iniciativa.<\/p>\n\n\n\n<p>Este a\u00f1o la ganadora de la\nregi\u00f3n de Magallanes y Ant\u00e1rtica Chilena fue Adolfina Miquio Espinoza con su\nrelato \u201cUn Encuentro Especial\u201d. La primera menci\u00f3n honrosa fue para Mirra\nVel\u00e1squez Ojeda con \u201cAutoretrato\u201d y la segunda menci\u00f3n honrosa fue para Abel\nRuiz Pacheco, con el relato \u201cFidelidades\u201d. Anualmente entre los primeros\nlugares regionales se elige al ganador nacional, y este a\u00f1o ese premio lo obtuvo\nla representante magall\u00e1nica.<\/p>\n\n\n\n<p>La Coordinadora Regional de\nSenama, Rebeca Aguilante Canales se\u00f1al\u00f3 que \u201cesta sexta versi\u00f3n ha sido muy\ndistinta a las anteriores. Impulsamos el concurso literario como una manera de\ngenerar espacios de participaci\u00f3n en medio de la emergencia sanitaria y tuvimos\nuna gran respuesta por parte de las y los adultos mayores. Quiero felicitar\nespecialmente a do\u00f1a Adolfina, nuestra ganadora regional, que fue elegida como\nla ganadora nacional del a\u00f1o 2020. Y tambi\u00e9n quiero destacar y felicitar a don\nAbel y do\u00f1a Mirra quienes obtuvieron menciones honrosa, y a todas las personas\nmayores que participaron\u201d<\/p>\n\n\n\n<p>En tanto la Seremi de las\nCulturas, las Artes y el Patrimonio, Katherine Ibacache destac\u00f3 que esta\niniciativa es parte del Plan Nacional de la Lectura. \u201cSiempre trabajamos con\nSenama y el Ministerio de Desarrollo Social y Familia, en esta alianza\ntripartita que nos permite llegar a la comunidad con acceso a los bienes culturales\ny especialmente literatura. Y en este a\u00f1o 2020 que ha sido muy distinto estamos\nmuy contentos que la ganadora haya sido do\u00f1a Adolfina Miquio que es la primera\nmujer que gana este concurso a nivel nacional, y que nos permite seguir\nrelevando y poniendo en valor el trabajo literario sobre todo de nuestros\nadultos mayores que lo han pasado mal este a\u00f1o. Estamos muy contentos que este\npremio haya reca\u00eddo en la regi\u00f3n, con la experiencia y con la capacidad de la\nse\u00f1ora Adolfina para contar una historia mucho m\u00e1s emotiva y mucho m\u00e1s l\u00fadica\nque otras\u201d.<\/p>\n\n\n\n<p><strong>UN ENCUENTRO\nESPECIAL<\/strong><\/p>\n\n\n\n<p>Este a\u00f1o la ganadora nacional\nfue Adolfina Miquio Espinoza, de 78 a\u00f1os de edad, con su relato \u201cUn encuentro\nespecial\u201d, donde da cuenta de un hecho que marc\u00f3 su vida, principalmente sobre\nsu matrimonio y la historia de amor con su marido. Se trata de la primera mujer\nque logra obtener el primer lugar en los seis a\u00f1os de concurso nacional. Adem\u00e1s\nde ser el primer a\u00f1o que esta distinci\u00f3n recae en la ganadora de la regi\u00f3n de\nMagallanes y Ant\u00e1rtica Chilena.<\/p>\n\n\n\n<p>Do\u00f1a Adolfina se\u00f1ala que siempre\nescribe cuentos cortos o reminiscencias, y que nunca hab\u00eda concursado. Adem\u00e1s\nrecuerda c\u00f3mo fue su proceso creativo para elegir el relato que present\u00f3 \u201cPara\nm\u00ed fue un honor que me hayan invitado, que me dijeran tu puedes escribe, cuenta\nuna an\u00e9cdota, cuenta una vivencia. Por lo que pensando en sacar lo mejor, y\npens\u00e9 estamos en pandemia vivimos un estallido, hay que contar cosas buenas que\nle han pasado a uno en la vida, porque no todo es tragedia. As\u00ed me decid\u00ed a\ncontar esa an\u00e9cdota que es muy familiar y de ah\u00ed no hab\u00eda salido hasta ahora.\u201d <\/p>\n\n\n\n<p>Agreg\u00f3 que el resultado fue\nuna gran sorpresa, \u201cnunca pens\u00e9&nbsp; que ganar\u00eda, porque hay muchos clubes\nliterarios que participaron.&nbsp; Lo m\u00e1s lindo es que cuando me dieron la\nnoticia mis&nbsp; hijos y nietos me celebraron, me mandaron un bello ramo de\nflores, compartimos algo rico para comer y despu\u00e9s me llam\u00f3 el director de\nSENAMA. Ha sido una experiencia muy linda, que le dedico a mi esposo Sergio\nCarvallo, quien ya parti\u00f3\u201d.<\/p>\n\n\n\n<p>La versi\u00f3n digital de la\nedici\u00f3n 2020 del libro \u201cConfieso que he Vivido\u201d puede ser descargada en la\np\u00e1gina web de Senama. <\/p>\n","protected":false},"excerpt":{"rendered":"<p>A trav\u00e9s de un evento virtual, los ganadores regionales y quienes resultaron con \u201cMenciones Honrosas\u201d del&nbsp;Concurso Literario Autobiogr\u00e1fico para Personas Mayores Confieso que he Vivido 2020, participaron de la premiaci\u00f3n&#8230; <a class=\"read-more\" href=\"https:\/\/www.radiopresidenteibanez.cl\/web\/magallanica-fue-la-ganadora-nacional-de-la-sexta-version-del-concurso-literario-confieso-que-he-vivido-de-senama\/\">Leer m\u00e1s<\/a><\/p>\n","protected":false},"author":2,"featured_media":16843,"comment_status":"closed","ping_status":"closed","sticky":false,"template":"","format":"standard","meta":{"footnotes":""},"categories":[1],"tags":[],"class_list":["post-16842","post","type-post","status-publish","format-standard","has-post-thumbnail","hentry","category-cronica"],"_links":{"self":[{"href":"https:\/\/www.radiopresidenteibanez.cl\/web\/wp-json\/wp\/v2\/posts\/16842","targetHints":{"allow":["GET"]}}],"collection":[{"href":"https:\/\/www.radiopresidenteibanez.cl\/web\/wp-json\/wp\/v2\/posts"}],"about":[{"href":"https:\/\/www.radiopresidenteibanez.cl\/web\/wp-json\/wp\/v2\/types\/post"}],"author":[{"embeddable":true,"href":"https:\/\/www.radiopresidenteibanez.cl\/web\/wp-json\/wp\/v2\/users\/2"}],"replies":[{"embeddable":true,"href":"https:\/\/www.radiopresidenteibanez.cl\/web\/wp-json\/wp\/v2\/comments?post=16842"}],"version-history":[{"count":0,"href":"https:\/\/www.radiopresidenteibanez.cl\/web\/wp-json\/wp\/v2\/posts\/16842\/revisions"}],"wp:featuredmedia":[{"embeddable":true,"href":"https:\/\/www.radiopresidenteibanez.cl\/web\/wp-json\/wp\/v2\/media\/16843"}],"wp:attachment":[{"href":"https:\/\/www.radiopresidenteibanez.cl\/web\/wp-json\/wp\/v2\/media?parent=16842"}],"wp:term":[{"taxonomy":"category","embeddable":true,"href":"https:\/\/www.radiopresidenteibanez.cl\/web\/wp-json\/wp\/v2\/categories?post=16842"},{"taxonomy":"post_tag","embeddable":true,"href":"https:\/\/www.radiopresidenteibanez.cl\/web\/wp-json\/wp\/v2\/tags?post=16842"}],"curies":[{"name":"wp","href":"https:\/\/api.w.org\/{rel}","templated":true}]}}