{"id":16836,"date":"2020-12-10T01:42:23","date_gmt":"2020-12-10T01:42:23","guid":{"rendered":"https:\/\/www.radiopresidenteibanez.cl\/web\/?p=16836"},"modified":"2020-12-10T01:42:29","modified_gmt":"2020-12-10T01:42:29","slug":"navidad-municipal-inscritos-en-distritos-1-y-2-retiraron-sus-regalos-este-miercoles","status":"publish","type":"post","link":"https:\/\/www.radiopresidenteibanez.cl\/web\/navidad-municipal-inscritos-en-distritos-1-y-2-retiraron-sus-regalos-este-miercoles\/","title":{"rendered":"NAVIDAD MUNICIPAL: INSCRITOS EN DISTRITOS 1 Y 2 RETIRARON SUS REGALOS ESTE MI\u00c9RCOLES"},"content":{"rendered":"\n<p>Ni\u00f1as y ni\u00f1os inscritos en los distritos 1 y 2 recibieron sus regalos de navidad este mi\u00e9rcoles, en el marco de la actividad que organiza la Municipalidad de Punta Arenas cada a\u00f1o, y que este 2020 se realiz\u00f3 de una manera distinta, debido a la pandemia por el Covid-19.<\/p>\n\n\n\n<p>\u201cImportante es el orden que hemos tenido para que esta\ndistribuci\u00f3n de regalos que duplica a la del a\u00f1o pasado, se haga con entero\norden, con seguridad sanitaria y que los ni\u00f1os puedan recibir sin problemas sus\nregalos\u201d, afirm\u00f3 el alcalde de Punta Arenas, Claudio Radonich.<\/p>\n\n\n\n<p>La entrega se inici\u00f3 en la escuela Elba Ojeda G\u00f3mez de R\u00edo\nSeco, el martes 8, donde se entregaron los regalos a ni\u00f1as y ni\u00f1os de los\nsectores de R\u00edo Seco, Barranco Amarillo, Loteo Vrsalovic y Ojo Bueno; y\ncontinu\u00f3 este mi\u00e9rcoles (9 de diciembre), en la escuela Portugal, para los\ndistritos 1 y 2.<\/p>\n\n\n\n<p>El retiro de regalos contin\u00faa este jueves (10 de diciembre),\ncon aquellos inscritos en los distritos 3 y 4. Los asistentes, que pueden ser\nlos padres o un adulto responsable, deben llevar el carnet de identidad propio\ny de los ni\u00f1os inscritos.<\/p>\n\n\n\n<p>El calendario es el siguiente:<\/p>\n\n\n\n<p>El jueves 10 de diciembre, corresponder\u00e1 el turno de los\npeque\u00f1os inscritos en los distritos 3 (9 a 12.30 horas) y 4 (14.30 a 17 horas).<\/p>\n\n\n\n<p>El viernes 11 de diciembre es el turno de los distritos 5 (9\na 12.30 horas) y 6 (14.30 a 17 horas).<\/p>\n\n\n\n<p>El lunes 14 de diciembre, corresponde a los distritos 7 (9 a\n12.30 horas) y 8 (14.30 a 17 horas).<\/p>\n\n\n\n<p>Finalmente, el martes 15 de diciembre, se entregar\u00e1n los\nregalos a ni\u00f1as y ni\u00f1os de los distritos 9 (9 a 12.30 horas) y 10 (14.30 a 17\nhoras).<\/p>\n","protected":false},"excerpt":{"rendered":"<p>Ni\u00f1as y ni\u00f1os inscritos en los distritos 1 y 2 recibieron sus regalos de navidad este mi\u00e9rcoles, en el marco de la actividad que organiza la Municipalidad de Punta Arenas&#8230; <a class=\"read-more\" href=\"https:\/\/www.radiopresidenteibanez.cl\/web\/navidad-municipal-inscritos-en-distritos-1-y-2-retiraron-sus-regalos-este-miercoles\/\">Leer m\u00e1s<\/a><\/p>\n","protected":false},"author":2,"featured_media":16837,"comment_status":"closed","ping_status":"closed","sticky":false,"template":"","format":"standard","meta":{"footnotes":""},"categories":[1],"tags":[],"class_list":["post-16836","post","type-post","status-publish","format-standard","has-post-thumbnail","hentry","category-cronica"],"_links":{"self":[{"href":"https:\/\/www.radiopresidenteibanez.cl\/web\/wp-json\/wp\/v2\/posts\/16836","targetHints":{"allow":["GET"]}}],"collection":[{"href":"https:\/\/www.radiopresidenteibanez.cl\/web\/wp-json\/wp\/v2\/posts"}],"about":[{"href":"https:\/\/www.radiopresidenteibanez.cl\/web\/wp-json\/wp\/v2\/types\/post"}],"author":[{"embeddable":true,"href":"https:\/\/www.radiopresidenteibanez.cl\/web\/wp-json\/wp\/v2\/users\/2"}],"replies":[{"embeddable":true,"href":"https:\/\/www.radiopresidenteibanez.cl\/web\/wp-json\/wp\/v2\/comments?post=16836"}],"version-history":[{"count":0,"href":"https:\/\/www.radiopresidenteibanez.cl\/web\/wp-json\/wp\/v2\/posts\/16836\/revisions"}],"wp:featuredmedia":[{"embeddable":true,"href":"https:\/\/www.radiopresidenteibanez.cl\/web\/wp-json\/wp\/v2\/media\/16837"}],"wp:attachment":[{"href":"https:\/\/www.radiopresidenteibanez.cl\/web\/wp-json\/wp\/v2\/media?parent=16836"}],"wp:term":[{"taxonomy":"category","embeddable":true,"href":"https:\/\/www.radiopresidenteibanez.cl\/web\/wp-json\/wp\/v2\/categories?post=16836"},{"taxonomy":"post_tag","embeddable":true,"href":"https:\/\/www.radiopresidenteibanez.cl\/web\/wp-json\/wp\/v2\/tags?post=16836"}],"curies":[{"name":"wp","href":"https:\/\/api.w.org\/{rel}","templated":true}]}}