{"id":16833,"date":"2020-12-10T01:40:37","date_gmt":"2020-12-10T01:40:37","guid":{"rendered":"https:\/\/www.radiopresidenteibanez.cl\/web\/?p=16833"},"modified":"2020-12-10T01:40:43","modified_gmt":"2020-12-10T01:40:43","slug":"un-centenar-de-visitantes-hubo-en-el-cementerio-municipal-de-porvenir-durante-primer-dia-de-reapertura","status":"publish","type":"post","link":"https:\/\/www.radiopresidenteibanez.cl\/web\/un-centenar-de-visitantes-hubo-en-el-cementerio-municipal-de-porvenir-durante-primer-dia-de-reapertura\/","title":{"rendered":"UN CENTENAR DE VISITANTES HUBO EN EL CEMENTERIO MUNICIPAL DE PORVENIR DURANTE PRIMER D\u00cdA DE REAPERTURA"},"content":{"rendered":"\n<p>La tarde de este mi\u00e9rcoles y tras el\nanuncio hecho por la Intendencia, se reabri\u00f3 el Cementerio Municipal de\nPorvenir para visitas de familiares. 134 personas llegaron al camposanto\nquienes ingresaron al recinto durante un lapso de 3 horas y media.<\/p>\n\n\n\n<p>Desde las 14:00 horas se pudo observar\nque ya exist\u00eda filas de personas en el ingreso que tiene el cementerio, la\nposibilidad de visitar los restos de sus seres queridos despert\u00f3 el inter\u00e9s de\nmuchos habitantes de la comuna, quienes debieron cumplir una serie de\nrequisitos para ingresar.<\/p>\n\n\n\n<p>Usar mascarilla, respetar el\ndistanciamiento f\u00edsico y permanecer no m\u00e1s de 30 minutos en el camposanto, son\nalgunas de las medidas que se dispusieron en el protocolo de reapertura.\nAdem\u00e1s, se habilit\u00f3 el ingreso por la puerta principal de la morgue local y se\ndispuso que la salida fuese por donde es habitual el ingreso de personas del\ncementerio local.<\/p>\n\n\n\n<p>Consultada la Alcaldesa de Porvenir,\nMarisol Andrade C\u00e1rdenas, dijo que \u201choy tuvimos la opci\u00f3n de entregar este\nservicio a la comuna, algo que era tan demandado por los vecinos y vecinas de\nnuestra comuna, qu\u00e9 quer\u00edan visitar el camposanto y a contar de hoy ya podemos\nhacer est\u00e1 reapertura qu\u00e9 va a ser de lunes a viernes de 14:00 a 17:30 horas, y\nesto ser\u00e1 permanente hasta que cambiemos de fase del plan paso a paso, en donde\npodremos extenderlo hasta llegar al horario normal\u201d.<\/p>\n\n\n\n<p>Agreg\u00f3 la jefa comunal, que \u201cnosotros\ntuvimos que implementar y cumplir con las medidas sanitarias, as\u00ed que tenemos\nun sector de ingreso y ah\u00ed se controla tomando la temperatura, hay un pediluvio\ny l\u00f3gicamente que se registran los datos de quien ingresa y la salida es por\notro sector\u201d. <\/p>\n\n\n\n<p>Adem\u00e1s, la autoridad edilicia se\u00f1al\u00f3\nque el aforo en la etapa que nos encontramos permite 20 personas en espacio\nlibre, por lo tanto, se controla que el ingreso sea esa cantidad.<\/p>\n","protected":false},"excerpt":{"rendered":"<p>La tarde de este mi\u00e9rcoles y tras el anuncio hecho por la Intendencia, se reabri\u00f3 el Cementerio Municipal de Porvenir para visitas de familiares. 134 personas llegaron al camposanto quienes&#8230; <a class=\"read-more\" href=\"https:\/\/www.radiopresidenteibanez.cl\/web\/un-centenar-de-visitantes-hubo-en-el-cementerio-municipal-de-porvenir-durante-primer-dia-de-reapertura\/\">Leer m\u00e1s<\/a><\/p>\n","protected":false},"author":2,"featured_media":16834,"comment_status":"closed","ping_status":"closed","sticky":false,"template":"","format":"standard","meta":{"footnotes":""},"categories":[1],"tags":[],"class_list":["post-16833","post","type-post","status-publish","format-standard","has-post-thumbnail","hentry","category-cronica"],"_links":{"self":[{"href":"https:\/\/www.radiopresidenteibanez.cl\/web\/wp-json\/wp\/v2\/posts\/16833","targetHints":{"allow":["GET"]}}],"collection":[{"href":"https:\/\/www.radiopresidenteibanez.cl\/web\/wp-json\/wp\/v2\/posts"}],"about":[{"href":"https:\/\/www.radiopresidenteibanez.cl\/web\/wp-json\/wp\/v2\/types\/post"}],"author":[{"embeddable":true,"href":"https:\/\/www.radiopresidenteibanez.cl\/web\/wp-json\/wp\/v2\/users\/2"}],"replies":[{"embeddable":true,"href":"https:\/\/www.radiopresidenteibanez.cl\/web\/wp-json\/wp\/v2\/comments?post=16833"}],"version-history":[{"count":0,"href":"https:\/\/www.radiopresidenteibanez.cl\/web\/wp-json\/wp\/v2\/posts\/16833\/revisions"}],"wp:featuredmedia":[{"embeddable":true,"href":"https:\/\/www.radiopresidenteibanez.cl\/web\/wp-json\/wp\/v2\/media\/16834"}],"wp:attachment":[{"href":"https:\/\/www.radiopresidenteibanez.cl\/web\/wp-json\/wp\/v2\/media?parent=16833"}],"wp:term":[{"taxonomy":"category","embeddable":true,"href":"https:\/\/www.radiopresidenteibanez.cl\/web\/wp-json\/wp\/v2\/categories?post=16833"},{"taxonomy":"post_tag","embeddable":true,"href":"https:\/\/www.radiopresidenteibanez.cl\/web\/wp-json\/wp\/v2\/tags?post=16833"}],"curies":[{"name":"wp","href":"https:\/\/api.w.org\/{rel}","templated":true}]}}