{"id":16830,"date":"2020-12-10T01:37:12","date_gmt":"2020-12-10T01:37:12","guid":{"rendered":"https:\/\/www.radiopresidenteibanez.cl\/web\/?p=16830"},"modified":"2020-12-10T01:37:18","modified_gmt":"2020-12-10T01:37:18","slug":"a-traves-del-programa-familias-la-gobernacion-provincial-apoya-a-personas-en-situacion-de-vulnerabilidad-a-acceder-a-beneficios","status":"publish","type":"post","link":"https:\/\/www.radiopresidenteibanez.cl\/web\/a-traves-del-programa-familias-la-gobernacion-provincial-apoya-a-personas-en-situacion-de-vulnerabilidad-a-acceder-a-beneficios\/","title":{"rendered":"A TRAV\u00c9S DEL PROGRAMA FAMILIAS LA GOBERNACI\u00d3N PROVINCIAL APOYA A PERSONAS EN SITUACI\u00d3N DE VULNERABILIDAD A ACCEDER A BENEFICIOS"},"content":{"rendered":"\n<p>Familias es\nun programa de \u201cChile Seguridades y Oportunidades\u201d, del&nbsp;Sistema de\nProtecci\u00f3n Social del Ministerio de Desarrollo Social y que es ejecutado por la\nGobernaci\u00f3n provincial de Magallanes, a trav\u00e9s de convenio con Fosis. Es\nun&nbsp;programa no postulable y su objetivo es promover que las familias\naccedan a mejores condiciones de vida, a trav\u00e9s de la superaci\u00f3n de condiciones\nde pobreza extrema y vulnerabilidades sociales que les afecten, as\u00ed como\ngarantizar el ejercicio de sus derechos a lo largo de todo el ciclo vital.<\/p>\n\n\n\n<p>Para\nesto,&nbsp;cada familia es acompa\u00f1ada por un equipo profesional de la unidad de\nintervenci\u00f3n familiar el que, a trav\u00e9s de sesiones individuales y familiares,\ngrupales y comunitarias, implementa un proceso de acompa\u00f1amiento integral\npsicosocial y sociolaboral, transferencias monetarias y orientaci\u00f3n. De esta\nforma, los encargados del programa brindan acompa\u00f1amiento por 24 meses a las\nfamilias para guiarlas en los procesos de postulaci\u00f3n y acceso a los diversos programas\nde beneficios sociales, subsidios,&nbsp;\nsubvenciones y bonos que brinda el Estado.<\/p>\n\n\n\n<p>El\nGobernador, Alejandro V\u00e1squez, destac\u00f3 la iniciativa y el esfuerzo que como\nGobernaci\u00f3n se ha llevado a cabo en apoyar a familias vulnerables, a trav\u00e9s de\neste convenio con Fosis,&nbsp; se\u00f1alando que\n\u201cEstamos muy felices de poder brindar una ayuda a quienes m\u00e1s lo necesitan.\nNuestros profesionales cumplen con su rol de servidores p\u00fablicos al entregar\nredes de ayuda y fomento para que la ciudadan\u00eda, sobre todo aquellos que hoy se\nencuentran bajo la l\u00ednea de la pobreza, puedan mejorar su calidad de vida y\ntener mejores expectativas. Como Gobernaci\u00f3n reforzamos nuestro compromiso con\nnuestra provincia y su gente y personalmente agradezco a todo el equipo que ha\nhecho esto posible, especialmente en tiempos dif\u00edciles como los que estamos\nviviendo, a causa de la pandemia\u201d. <\/p>\n\n\n\n<p>Pedro\nHern\u00e1ndez, Encargado regional Programa Familias de la Seremi Desarrollo Social\ny Familia, enfatiza en que \u201cel eje en esto es el trabajo con la persona, ese es\nel centro. M\u00e1s a\u00fan cuando hablamos de personas que se encuentran en la pobreza,\nen situaci\u00f3n de vulnerabilidad, que requieren de un apoyo profesional, cercano,\nque logre empatizar y ponerse en la situaci\u00f3n de esas personas. Hemos logrado\ndesarrollar acciones interdisciplinarias con un solo objetivo, una sola mirada:\npermitir que estas familias vean un aumento en su calidad de vida\u201d.<\/p>\n\n\n\n<p>En la misma\nl\u00ednea, Mar\u00eda Paz Antiquera, Encargada Regional Programa Familias, de FOSIS,\nexplica que \u201cal programa no se postula, sino que es una n\u00f3mina que se construye\nen el Ministerio de Desarrollo Social a partir del Registro Social de Hogares y\notros indicadores de vulnerabilidad; como presencia de personas con\ndiscapacidad, adultos mayores, ni\u00f1os y jefas de hogar; entre otras variables. Y\na partir de esa n\u00f3mina FOSIS realiza la invitaci\u00f3n a trav\u00e9s de sus gestores\nfamiliares que son los que hacen el primer contacto con la familia\u201d y agrega\nque \u201cEl principal actor y motor del programa, son las familias, sus integrantes\ny los recursos que ellos tienen como familia, de las habilidades y de la\ncapacidad de salir adelante. Buscamos que las familias se empoderen, que al\nfinal del periodo de acompa\u00f1amiento sean capaces de saber d\u00f3nde concurrir,\nd\u00f3nde informarse, que est\u00e9n m\u00e1s internalizadas de la oferta p\u00fablica\u201d <\/p>\n\n\n\n<p>A trav\u00e9s de\nreuniones personales y familiares los Apoyos familiares del programa realizan\nun diagn\u00f3stico sobre las capacidades, necesidades y recursos que cada grupo\nfamiliar necesita trabajar. Este a\u00f1o a ra\u00edz de la crisis sanitaria, las\nfamilias que ten\u00edan un grado de vulnerabilidad, est\u00e1n mucho m\u00e1s vulnerables,\npor lo tanto este acompa\u00f1amiento psicosocial se ha hecho fundamental.<\/p>\n\n\n\n<p>Este\nacompa\u00f1amiento es una construcci\u00f3n, en conjunto con la familia, \u201cCuando vamos a\nlas casas de las familias, trabajamos cinco dimensiones, que son: salud,\nvivienda, entorno, educaci\u00f3n y trabajo\u201d, explica Katy Vera, profesional Apoyo\nFamiliar Integral (AFI) Programa Familias de la Gobernaci\u00f3n provincial, y como\nejemplo agrega que \u201csi en una dimensi\u00f3n de trabajo vemos que una familia labora\nde manera independiente, vendiendo empanadas, nosotros vemos si es que ellos\nquieren postular a un proyecto de emprendimiento, o si necesitan cambiar su\nhorno o freidora porque est\u00e1n descompuestas. Entonces ah\u00ed ya tenemos un aspecto\na trabajar. Asimismo lo podemos hacer con educaci\u00f3n, con vivienda. Si la\nfamilia no tiene vivienda, nos&nbsp;\npreocupamos de que puedan lograr adquirirla postulando y reuniendo el\ndinero que se necesita, a trav\u00e9s de su trabajo\u201d.<\/p>\n\n\n\n<p>Katy Vera\nagrega, que en los actuales tiempos de pandemia, en que todo se est\u00e1 realizando\nde forma remota, como por ejemplo, las postulaciones a beneficios, como el IFE,\nlas familias se han visto complicadas, porque muchas de ellas no tienen manejo\nde internet o de redes sociales, \u201cen casos como estos, nosotros tenemos que\ngestionar las consultas, verificar si cumplen o no con los requisitos, hacer\nuna apelaci\u00f3n, si es necesario, fijarnos cu\u00e1ndo les pagan. En temas de\nvivienda, en septiembre hubo muchas postulaciones, y tambi\u00e9n tuvimos que ayudar\na postular a las familias. Principalmente, nosotros entregamos las\nherramientas, porque no es la idea hacer por ellos&nbsp; todos los tr\u00e1mites, sino que, adem\u00e1s,\nense\u00f1arles, tratar de educarlos para que ellos aprendan y despu\u00e9s puedan seguir\nadelante solos\u201d. <\/p>\n\n\n\n<p>El programa\nFamilias se enfoca en el40% m\u00e1s vulnerable de la poblaci\u00f3n, quienes participan\nen \u00e9l aprovechan este acompa\u00f1amiento para buscar la forma de salir adelante. Se\nestima que para fines de diciembre, en Punta Arenas 490 familias estar\u00e1n\nparticipando del programa y a nivel regional alrededor de 600 familias<\/p>\n","protected":false},"excerpt":{"rendered":"<p>Familias es un programa de \u201cChile Seguridades y Oportunidades\u201d, del&nbsp;Sistema de Protecci\u00f3n Social del Ministerio de Desarrollo Social y que es ejecutado por la Gobernaci\u00f3n provincial de Magallanes, a trav\u00e9s&#8230; <a class=\"read-more\" href=\"https:\/\/www.radiopresidenteibanez.cl\/web\/a-traves-del-programa-familias-la-gobernacion-provincial-apoya-a-personas-en-situacion-de-vulnerabilidad-a-acceder-a-beneficios\/\">Leer m\u00e1s<\/a><\/p>\n","protected":false},"author":2,"featured_media":16831,"comment_status":"closed","ping_status":"closed","sticky":false,"template":"","format":"standard","meta":{"footnotes":""},"categories":[1],"tags":[],"class_list":["post-16830","post","type-post","status-publish","format-standard","has-post-thumbnail","hentry","category-cronica"],"_links":{"self":[{"href":"https:\/\/www.radiopresidenteibanez.cl\/web\/wp-json\/wp\/v2\/posts\/16830","targetHints":{"allow":["GET"]}}],"collection":[{"href":"https:\/\/www.radiopresidenteibanez.cl\/web\/wp-json\/wp\/v2\/posts"}],"about":[{"href":"https:\/\/www.radiopresidenteibanez.cl\/web\/wp-json\/wp\/v2\/types\/post"}],"author":[{"embeddable":true,"href":"https:\/\/www.radiopresidenteibanez.cl\/web\/wp-json\/wp\/v2\/users\/2"}],"replies":[{"embeddable":true,"href":"https:\/\/www.radiopresidenteibanez.cl\/web\/wp-json\/wp\/v2\/comments?post=16830"}],"version-history":[{"count":0,"href":"https:\/\/www.radiopresidenteibanez.cl\/web\/wp-json\/wp\/v2\/posts\/16830\/revisions"}],"wp:featuredmedia":[{"embeddable":true,"href":"https:\/\/www.radiopresidenteibanez.cl\/web\/wp-json\/wp\/v2\/media\/16831"}],"wp:attachment":[{"href":"https:\/\/www.radiopresidenteibanez.cl\/web\/wp-json\/wp\/v2\/media?parent=16830"}],"wp:term":[{"taxonomy":"category","embeddable":true,"href":"https:\/\/www.radiopresidenteibanez.cl\/web\/wp-json\/wp\/v2\/categories?post=16830"},{"taxonomy":"post_tag","embeddable":true,"href":"https:\/\/www.radiopresidenteibanez.cl\/web\/wp-json\/wp\/v2\/tags?post=16830"}],"curies":[{"name":"wp","href":"https:\/\/api.w.org\/{rel}","templated":true}]}}