{"id":16828,"date":"2020-12-10T01:34:07","date_gmt":"2020-12-10T01:34:07","guid":{"rendered":"https:\/\/www.radiopresidenteibanez.cl\/web\/?p=16828"},"modified":"2020-12-10T01:34:13","modified_gmt":"2020-12-10T01:34:13","slug":"grupo-necesitamostrabajar-lamenta-decision-tomada-por-el-consejo-regional","status":"publish","type":"post","link":"https:\/\/www.radiopresidenteibanez.cl\/web\/grupo-necesitamostrabajar-lamenta-decision-tomada-por-el-consejo-regional\/","title":{"rendered":"GRUPO #NECESITAMOSTRABAJAR LAMENTA DECISI\u00d3N TOMADA POR EL CONSEJO REGIONAL"},"content":{"rendered":"\n<p>Ante la triste noticia de la decisi\u00f3n que tom\u00f3 el consejo regional, no\npodemos quedarnos callados y no opinar al respecto:<\/p>\n\n\n\n<p>Lamentamos que algunos consejeros no comprendieran la situaci\u00f3n, que va m\u00e1s\nall\u00e1 de suspender a un integrante del consejo o no, lo que esper\u00e1bamos es que\nsepan cambiar y ver formas de poner l\u00edmites a posibles situaciones como la que\nse dio con el consejero Sierpe. Podemos entender que las personas se equivocan\ny pueden cambiar, pero lo que no podemos comprender es como un organismo con la\njerarqu\u00eda e importancia en la regi\u00f3n, no tenga la capacidad de hacer una auto\nevaluaci\u00f3n de su accionar y generar herramientas para evitar que se puedan dar\nsituaciones peores.&nbsp; Entendimos que esta\nsituaci\u00f3n en particular servir\u00eda para comenzar un proceso de cambio y mejora\ndel funcionamiento interior del mismo. <\/p>\n\n\n\n<p>Con esta decisi\u00f3n y la lamentable abstenci\u00f3n del consejero Soto,\ncomprendemos que hay una visi\u00f3n poco clara del significado de las acciones y\nlas consecuencias que se pueden dar.&nbsp; Los\nerrores tienen que servir para entender que hay que cambiar y mejorar cosas, no\nsolo en lo interior de una organizaci\u00f3n como esta, sino tambi\u00e9n en lo general,\n\u00bfqu\u00e9 mensaje est\u00e1n dando, si no son capaces de asumir las responsabilidades a\nlos actos que se puedan dar? Entonces, \u00bfsi otro integrante comete alg\u00fan acto\nm\u00e1s grave, tampoco tendr\u00e1 consecuencias y con un simple perd\u00f3n seguir\u00e1 en su\nfunci\u00f3n como si nada hubiera ocurrido?<\/p>\n\n\n\n<p>La pandemia ha acelerado procesos y sacado a la luz muchas cosas de un\nproceder de otros tiempos, la supervivencia depende de la capacidad de cambio y\nen ese sentido no importan los colores o pensamientos pol\u00edticos partidarios,\nlos funcionarios p\u00fablicos y dirigentes tienen que ser m\u00e1s humanos y pensar en\nel bien com\u00fan y el respeto.&nbsp; <\/p>\n\n\n\n<p>Estamos en un momento delicado y en medio de un proceso de cambios en lo\ninstitucional, vamos a poder por primera vez elegir a la cabeza de nuestra\nregi\u00f3n, que tendr\u00e1 que defender los valores m\u00e1s altos de los magall\u00e1nicos y\nsituaciones como esta no hacen m\u00e1s que demostrar que hay una gesti\u00f3n antigua,\ndonde no importan las formas y consecuencias, total se puede pedir perd\u00f3n y\nseguir\u2026<\/p>\n\n\n\n<p>Hay que tener la grandeza de cambiar y mejorar la gesti\u00f3n, mostrar\ntransparencia y poner los valores humanos desinteresados antes de cuestiones\npersonales, lo \u00fanico bueno de esta decisi\u00f3n es saber de qu\u00e9 lado esta cada uno,\nahora solo queda mostrar nuestra aprobaci\u00f3n o descontento en las urnas, porque\nevidentemente no hay inter\u00e9s de cambios para algunos.<\/p>\n","protected":false},"excerpt":{"rendered":"<p>Ante la triste noticia de la decisi\u00f3n que tom\u00f3 el consejo regional, no podemos quedarnos callados y no opinar al respecto: Lamentamos que algunos consejeros no comprendieran la situaci\u00f3n, que&#8230; <a class=\"read-more\" href=\"https:\/\/www.radiopresidenteibanez.cl\/web\/grupo-necesitamostrabajar-lamenta-decision-tomada-por-el-consejo-regional\/\">Leer m\u00e1s<\/a><\/p>\n","protected":false},"author":2,"featured_media":5743,"comment_status":"closed","ping_status":"closed","sticky":false,"template":"","format":"standard","meta":{"footnotes":""},"categories":[1],"tags":[],"class_list":["post-16828","post","type-post","status-publish","format-standard","has-post-thumbnail","hentry","category-cronica"],"_links":{"self":[{"href":"https:\/\/www.radiopresidenteibanez.cl\/web\/wp-json\/wp\/v2\/posts\/16828","targetHints":{"allow":["GET"]}}],"collection":[{"href":"https:\/\/www.radiopresidenteibanez.cl\/web\/wp-json\/wp\/v2\/posts"}],"about":[{"href":"https:\/\/www.radiopresidenteibanez.cl\/web\/wp-json\/wp\/v2\/types\/post"}],"author":[{"embeddable":true,"href":"https:\/\/www.radiopresidenteibanez.cl\/web\/wp-json\/wp\/v2\/users\/2"}],"replies":[{"embeddable":true,"href":"https:\/\/www.radiopresidenteibanez.cl\/web\/wp-json\/wp\/v2\/comments?post=16828"}],"version-history":[{"count":0,"href":"https:\/\/www.radiopresidenteibanez.cl\/web\/wp-json\/wp\/v2\/posts\/16828\/revisions"}],"wp:featuredmedia":[{"embeddable":true,"href":"https:\/\/www.radiopresidenteibanez.cl\/web\/wp-json\/wp\/v2\/media\/5743"}],"wp:attachment":[{"href":"https:\/\/www.radiopresidenteibanez.cl\/web\/wp-json\/wp\/v2\/media?parent=16828"}],"wp:term":[{"taxonomy":"category","embeddable":true,"href":"https:\/\/www.radiopresidenteibanez.cl\/web\/wp-json\/wp\/v2\/categories?post=16828"},{"taxonomy":"post_tag","embeddable":true,"href":"https:\/\/www.radiopresidenteibanez.cl\/web\/wp-json\/wp\/v2\/tags?post=16828"}],"curies":[{"name":"wp","href":"https:\/\/api.w.org\/{rel}","templated":true}]}}