{"id":16826,"date":"2020-12-10T01:28:38","date_gmt":"2020-12-10T01:28:38","guid":{"rendered":"https:\/\/www.radiopresidenteibanez.cl\/web\/?p=16826"},"modified":"2020-12-10T01:28:44","modified_gmt":"2020-12-10T01:28:44","slug":"sujeto-por-manejar-ebrio-y-causar-danos-fue-condenado-en-juicio-oral","status":"publish","type":"post","link":"https:\/\/www.radiopresidenteibanez.cl\/web\/sujeto-por-manejar-ebrio-y-causar-danos-fue-condenado-en-juicio-oral\/","title":{"rendered":"SUJETO POR MANEJAR EBRIO Y CAUSAR DA\u00d1OS FUE CONDENADO EN JUICIO ORAL"},"content":{"rendered":"\n<p>Jonathan Richard Alexis Hermosilla Ovando fue\ncondenado hoy, como\nautor del delito consumado de\nconducci\u00f3n de veh\u00edculo motorizado en estado de ebriedad, causando da\u00f1os.<\/p>\n\n\n\n<p>La audiencia de lectura\ndel fallo se llevar\u00e1 a efecto el d\u00eda&nbsp;\nlunes 14 , a las 13:00 horas, v\u00eda remota.<\/p>\n\n\n\n<p>Cabe\nrecordar que el fiscal Sebasti\u00e1n Gonz\u00e1lez,\nacredit\u00f3 en juicio que el 21 de abril de 2019,\na eso de las 11:50 horas aproximadamente, Hermosilla Ovando condujo, en estado de ebriedad y sin haber obtenido licencia de conducir, la camioneta Chevrolet, patente AE.4988 por avenida Mart\u00ednez de Aldunate,\nchocando en su parte posterior un furg\u00f3n, causando da\u00f1os avaluados en m\u00e1s de 1 UTM.<\/p>\n\n\n\n<p>Cabe indicar que el examen de alcoholemia dio como resultado una cantidad\nde alcohol en sangre de 2, 74 gramos por litro.<\/p>\n\n\n\n<p>La\nfiscal\u00eda &nbsp;solicita se aplique al acusado\nla pena efectiva de 819 d\u00edas de presidio menor, multa de diez unidades\ntributarias mensuales, suspensi\u00f3n de licencia para conducir veh\u00edculos de\ntracci\u00f3n mec\u00e1nica por dos a\u00f1os, accesorias pertinentes y costas de la causa.<\/p>\n","protected":false},"excerpt":{"rendered":"<p>Jonathan Richard Alexis Hermosilla Ovando fue condenado hoy, como autor del delito consumado de conducci\u00f3n de veh\u00edculo motorizado en estado de ebriedad, causando da\u00f1os. La audiencia de lectura del fallo&#8230; <a class=\"read-more\" href=\"https:\/\/www.radiopresidenteibanez.cl\/web\/sujeto-por-manejar-ebrio-y-causar-danos-fue-condenado-en-juicio-oral\/\">Leer m\u00e1s<\/a><\/p>\n","protected":false},"author":2,"featured_media":740,"comment_status":"closed","ping_status":"closed","sticky":false,"template":"","format":"standard","meta":{"footnotes":""},"categories":[1],"tags":[],"class_list":["post-16826","post","type-post","status-publish","format-standard","has-post-thumbnail","hentry","category-cronica"],"_links":{"self":[{"href":"https:\/\/www.radiopresidenteibanez.cl\/web\/wp-json\/wp\/v2\/posts\/16826","targetHints":{"allow":["GET"]}}],"collection":[{"href":"https:\/\/www.radiopresidenteibanez.cl\/web\/wp-json\/wp\/v2\/posts"}],"about":[{"href":"https:\/\/www.radiopresidenteibanez.cl\/web\/wp-json\/wp\/v2\/types\/post"}],"author":[{"embeddable":true,"href":"https:\/\/www.radiopresidenteibanez.cl\/web\/wp-json\/wp\/v2\/users\/2"}],"replies":[{"embeddable":true,"href":"https:\/\/www.radiopresidenteibanez.cl\/web\/wp-json\/wp\/v2\/comments?post=16826"}],"version-history":[{"count":0,"href":"https:\/\/www.radiopresidenteibanez.cl\/web\/wp-json\/wp\/v2\/posts\/16826\/revisions"}],"wp:featuredmedia":[{"embeddable":true,"href":"https:\/\/www.radiopresidenteibanez.cl\/web\/wp-json\/wp\/v2\/media\/740"}],"wp:attachment":[{"href":"https:\/\/www.radiopresidenteibanez.cl\/web\/wp-json\/wp\/v2\/media?parent=16826"}],"wp:term":[{"taxonomy":"category","embeddable":true,"href":"https:\/\/www.radiopresidenteibanez.cl\/web\/wp-json\/wp\/v2\/categories?post=16826"},{"taxonomy":"post_tag","embeddable":true,"href":"https:\/\/www.radiopresidenteibanez.cl\/web\/wp-json\/wp\/v2\/tags?post=16826"}],"curies":[{"name":"wp","href":"https:\/\/api.w.org\/{rel}","templated":true}]}}