{"id":16823,"date":"2020-12-10T03:00:00","date_gmt":"2020-12-10T03:00:00","guid":{"rendered":"https:\/\/www.radiopresidenteibanez.cl\/web\/?p=16823"},"modified":"2020-12-09T17:53:25","modified_gmt":"2020-12-09T17:53:25","slug":"edelmag-cierra-sus-oficinas-comerciales-de-puerto-williams-por-inicio-de-cuarentena","status":"publish","type":"post","link":"https:\/\/www.radiopresidenteibanez.cl\/web\/edelmag-cierra-sus-oficinas-comerciales-de-puerto-williams-por-inicio-de-cuarentena\/","title":{"rendered":"EDELMAG CIERRA SUS OFICINAS COMERCIALES DE PUERTO WILLIAMS POR INICIO DE CUARENTENA"},"content":{"rendered":"\n<p>Ante la determinaci\u00f3n de la autoridad\nsanitaria de decretar cuarentena en Puerto Williams, la oficina comercial de\nEDELMAG en esta ciudad cerrar\u00e1 a partir de este jueves 10 de diciembre.<\/p>\n\n\n\n<p>La atenci\u00f3n al p\u00fablico se retomar\u00e1 una\nvez que la autoridad sanitaria levante la respectiva cuarentena. Esta medida\nbusca resguardar la salud y seguridad de los clientes y colaboradores de EDELMAG.\n<\/p>\n\n\n\n<p>Asimismo, los clientes que deseen realizar consultas de car\u00e1cter comercial\npueden utilizar:<\/p>\n\n\n\n<ul class=\"wp-block-list\"><li>P\u00e1gina web www.edelmag.cl, <\/li><li>Fono Clientes 800 800 400, <\/li><li>Cuenta de Twitter @edelmag_sos.<\/li><li>Correo electr\u00f3nico\natenciondeclientes@edelmag.cl. <\/li><li>Celulares 9 3943 8136, 9 3952\n9048 y 9 3952 9049. Los celulares son atendidos de lunes a jueves, en los horarios de 9:00 a\n12:00 horas y de 14:00 a 16:00 horas; mientras que el viernes la atenci\u00f3n se\nconcentrar\u00e1 entre las 9:00 y 14:00 horas.<\/li><\/ul>\n\n\n\n<p>La lectura de medidores y reparto de\nboletas se seguir\u00e1 realizando de manera habitual. Sin embargo, aquellos\nclientes que lo deseen pueden informar la lectura de su medidor indicando el n\u00famero\nde cliente, a trav\u00e9s de los canales antes mencionados, en la fecha de pr\u00f3xima\nlectura que se indica en la boleta. <\/p>\n\n\n\n<p>Esta medida se suma al cierre de las oficinas\ncomerciales de Punta Arenas y Puerto Natales, ciudades que tambi\u00e9n se encuentra\nen cuarentena total; mientras que Porvenir, est\u00e1 operando normalmente.<\/p>\n\n\n\n<p>EDELMAG lamenta los inconvenientes que\nesto pueda provocar y pide comprensi\u00f3n a sus clientes en estas circunstancias\nextraordinarias. <\/p>\n","protected":false},"excerpt":{"rendered":"<p>Ante la determinaci\u00f3n de la autoridad sanitaria de decretar cuarentena en Puerto Williams, la oficina comercial de EDELMAG en esta ciudad cerrar\u00e1 a partir de este jueves 10 de diciembre&#8230;. <a class=\"read-more\" href=\"https:\/\/www.radiopresidenteibanez.cl\/web\/edelmag-cierra-sus-oficinas-comerciales-de-puerto-williams-por-inicio-de-cuarentena\/\">Leer m\u00e1s<\/a><\/p>\n","protected":false},"author":2,"featured_media":10365,"comment_status":"closed","ping_status":"closed","sticky":false,"template":"","format":"standard","meta":{"footnotes":""},"categories":[1],"tags":[],"class_list":["post-16823","post","type-post","status-publish","format-standard","has-post-thumbnail","hentry","category-cronica"],"_links":{"self":[{"href":"https:\/\/www.radiopresidenteibanez.cl\/web\/wp-json\/wp\/v2\/posts\/16823","targetHints":{"allow":["GET"]}}],"collection":[{"href":"https:\/\/www.radiopresidenteibanez.cl\/web\/wp-json\/wp\/v2\/posts"}],"about":[{"href":"https:\/\/www.radiopresidenteibanez.cl\/web\/wp-json\/wp\/v2\/types\/post"}],"author":[{"embeddable":true,"href":"https:\/\/www.radiopresidenteibanez.cl\/web\/wp-json\/wp\/v2\/users\/2"}],"replies":[{"embeddable":true,"href":"https:\/\/www.radiopresidenteibanez.cl\/web\/wp-json\/wp\/v2\/comments?post=16823"}],"version-history":[{"count":0,"href":"https:\/\/www.radiopresidenteibanez.cl\/web\/wp-json\/wp\/v2\/posts\/16823\/revisions"}],"wp:featuredmedia":[{"embeddable":true,"href":"https:\/\/www.radiopresidenteibanez.cl\/web\/wp-json\/wp\/v2\/media\/10365"}],"wp:attachment":[{"href":"https:\/\/www.radiopresidenteibanez.cl\/web\/wp-json\/wp\/v2\/media?parent=16823"}],"wp:term":[{"taxonomy":"category","embeddable":true,"href":"https:\/\/www.radiopresidenteibanez.cl\/web\/wp-json\/wp\/v2\/categories?post=16823"},{"taxonomy":"post_tag","embeddable":true,"href":"https:\/\/www.radiopresidenteibanez.cl\/web\/wp-json\/wp\/v2\/tags?post=16823"}],"curies":[{"name":"wp","href":"https:\/\/api.w.org\/{rel}","templated":true}]}}