{"id":16820,"date":"2020-12-10T03:00:00","date_gmt":"2020-12-10T03:00:00","guid":{"rendered":"https:\/\/www.radiopresidenteibanez.cl\/web\/?p=16820"},"modified":"2020-12-09T17:30:30","modified_gmt":"2020-12-09T17:30:30","slug":"rector-de-cft-estatal-de-magallanes-y-autoridades-de-las-comunas-fueguinas-firmaron-convenio-de-colaboracion-potenciando-acciones-para-el-desarrollo-de-la-region","status":"publish","type":"post","link":"https:\/\/www.radiopresidenteibanez.cl\/web\/rector-de-cft-estatal-de-magallanes-y-autoridades-de-las-comunas-fueguinas-firmaron-convenio-de-colaboracion-potenciando-acciones-para-el-desarrollo-de-la-region\/","title":{"rendered":"RECTOR DE CFT ESTATAL DE MAGALLANES Y AUTORIDADES DE LAS COMUNAS FUEGUINAS FIRMARON CONVENIO DE COLABORACI\u00d3N POTENCIANDO ACCIONES PARA EL DESARROLLO DE LA REGI\u00d3N"},"content":{"rendered":"\n<p>Como un\nmensaje de unidad y compromiso en favor de los habitantes de las comunas de\nPorvenir, Primavera y Timaukel, se llev\u00f3 a cabo la ceremonia protocolar de\nfirma de convenios de colaboraci\u00f3n mutua, el pasado jueves 03 de diciembre a\nlas 12:00 horas donde la alcaldesa de Porvenir Marisol Andrade, el alcalde de\nPrimavera Blagomir Brztilo y el director del Secplan Hugo Manzano en\nrepresentaci\u00f3n de la municipalidad de Timaukel, se encontraron con el rector\ndel CFT Estatal de Magallanes en la sede institucional en Porvenir, evento que\ntambi\u00e9n cont\u00f3 con la presencia de la Gobernadora Provincial de Tierra del\nFuego, Margarita Norambuena, el Seremi de Educaci\u00f3n, Rodrigo Sep\u00falveda Tagle y\nAlex Vera Briones, Director del Liceo Polivalente \u201cHernando de Magallanes\u201d de\nPorvenir y miembro del directorio del CFT Estatal. <\/p>\n\n\n\n<p>Para\nChristian Quezada Ruiz, rector del CFT Estatal \u201cel hecho de reunir a estos tres\nmunicipios, marca un tremendo respaldo y apoyo con nuestra instituci\u00f3n\u201d. As\u00ed\nmismo agreg\u00f3 que \u201cestos convenios son una puerta de entrada para ir\nidentificando objetivos e intereses en com\u00fan y poder colaborar. Que nuestra\ninstituci\u00f3n se acerque a la comunidad y a su vez las municipalidades de la\ncomuna nos tomen como un actor relevante para el desarrollo de sus actividades\ndesde la Formaci\u00f3n TP\u201d.<\/p>\n\n\n\n<p>Por su\nparte la alcaldesa de la comuna de Porvenir, Marisol Andrade C\u00e1rdenas destac\u00f3\nque \u201ceste es un momento que abre espacios para la Tierra del Fuego, y al ser\nestos convenios firmados por las tres comunas, implica que se est\u00e1n dando pasos\nagigantados para potenciar la educaci\u00f3n t\u00e9cnica profesional\u201d. A su vez Blagomir\nBrztilo Avenda\u00f1o, alcalde de la comuna de Primavera se\u00f1al\u00f3 la importancia de \u201ccontar\ncon este centro en la provincia de Tierra del Fuego para formar nuevos t\u00e9cnicos\nen los distintos rubros especialmente en las \u00e1reas productivas de la regi\u00f3n,\npor ejemplo en el \u00e1rea de Primavera, lo que tiene que ver con la ganader\u00eda,\npues hay carencia de profesionales t\u00e9cnicos asociados al \u00e1rea agr\u00edcola y\nganadera, por lo cual estamos nosotros dispuestos a apoyar en lo que podamos\npara que este CFT vaya creciendo\u201d.<\/p>\n\n\n\n<p>Desde una\nperspectiva regional, el Seremi Rodrigo Sep\u00falveda valor\u00f3 este convenio como\n\u201cuna respuesta para muchos j\u00f3venes de la regi\u00f3n que antiguamente migraban a\nbuscar una mejora educativa, hoy d\u00eda puedan quedarse ac\u00e1 con una oferta\nacad\u00e9mica que hace atractivo permanecer en esta regi\u00f3n, por lo cual valoro que\nla llegada del CFT Estatal trae consigo una gran posibilidad de crecimiento\npara Magallanes\u201d. \n\nLos convenios suscritos contemplan entre otras\nacciones conjuntas el desarrollo de\nconversatorios, seminarios o actividades promocionales de mutuo y rec\u00edproco\ninter\u00e9s de ambas instituciones; realizaci\u00f3n de&nbsp;\nactividades y eventos acad\u00e9micos, de extensi\u00f3n y orientaci\u00f3n a la\neducaci\u00f3n superior, as\u00ed como participaci\u00f3n del&nbsp;\nCFT en eventos, ferias y talleres anuales organizados por los municipios;\ndifusi\u00f3n de las actividades que realice el CFT en sus dependencias; apoyo para\nla difusi\u00f3n de carreras que imparte la\ninstituci\u00f3n acad\u00e9mica y beneficios otorgados a funcionarios municipales y sus\nfamiliares; apertura de vacantes para pr\u00e1cticas o pasant\u00edas a los\nestudiantes del CFT Estatal.\n\n\n\n<\/p>\n","protected":false},"excerpt":{"rendered":"<p>Como un mensaje de unidad y compromiso en favor de los habitantes de las comunas de Porvenir, Primavera y Timaukel, se llev\u00f3 a cabo la ceremonia protocolar de firma de&#8230; <a class=\"read-more\" href=\"https:\/\/www.radiopresidenteibanez.cl\/web\/rector-de-cft-estatal-de-magallanes-y-autoridades-de-las-comunas-fueguinas-firmaron-convenio-de-colaboracion-potenciando-acciones-para-el-desarrollo-de-la-region\/\">Leer m\u00e1s<\/a><\/p>\n","protected":false},"author":2,"featured_media":16821,"comment_status":"closed","ping_status":"closed","sticky":false,"template":"","format":"standard","meta":{"footnotes":""},"categories":[1],"tags":[],"class_list":["post-16820","post","type-post","status-publish","format-standard","has-post-thumbnail","hentry","category-cronica"],"_links":{"self":[{"href":"https:\/\/www.radiopresidenteibanez.cl\/web\/wp-json\/wp\/v2\/posts\/16820","targetHints":{"allow":["GET"]}}],"collection":[{"href":"https:\/\/www.radiopresidenteibanez.cl\/web\/wp-json\/wp\/v2\/posts"}],"about":[{"href":"https:\/\/www.radiopresidenteibanez.cl\/web\/wp-json\/wp\/v2\/types\/post"}],"author":[{"embeddable":true,"href":"https:\/\/www.radiopresidenteibanez.cl\/web\/wp-json\/wp\/v2\/users\/2"}],"replies":[{"embeddable":true,"href":"https:\/\/www.radiopresidenteibanez.cl\/web\/wp-json\/wp\/v2\/comments?post=16820"}],"version-history":[{"count":0,"href":"https:\/\/www.radiopresidenteibanez.cl\/web\/wp-json\/wp\/v2\/posts\/16820\/revisions"}],"wp:featuredmedia":[{"embeddable":true,"href":"https:\/\/www.radiopresidenteibanez.cl\/web\/wp-json\/wp\/v2\/media\/16821"}],"wp:attachment":[{"href":"https:\/\/www.radiopresidenteibanez.cl\/web\/wp-json\/wp\/v2\/media?parent=16820"}],"wp:term":[{"taxonomy":"category","embeddable":true,"href":"https:\/\/www.radiopresidenteibanez.cl\/web\/wp-json\/wp\/v2\/categories?post=16820"},{"taxonomy":"post_tag","embeddable":true,"href":"https:\/\/www.radiopresidenteibanez.cl\/web\/wp-json\/wp\/v2\/tags?post=16820"}],"curies":[{"name":"wp","href":"https:\/\/api.w.org\/{rel}","templated":true}]}}