{"id":16817,"date":"2020-12-10T02:45:00","date_gmt":"2020-12-10T02:45:00","guid":{"rendered":"https:\/\/www.radiopresidenteibanez.cl\/web\/?p=16817"},"modified":"2020-12-09T17:26:47","modified_gmt":"2020-12-09T17:26:47","slug":"ondamedia-cierra-el-ano-con-2-1-millones-de-visualizaciones","status":"publish","type":"post","link":"https:\/\/www.radiopresidenteibanez.cl\/web\/ondamedia-cierra-el-ano-con-2-1-millones-de-visualizaciones\/","title":{"rendered":"ONDAMEDIA CIERRA EL A\u00d1O CON 2.1 MILLONES DE VISUALIZACIONES"},"content":{"rendered":"\n<p>Hasta febrero de 2020, el\npromedio de consumo de cine chileno en Ondamedia era de 35 mil reproducciones\nmensuales. En marzo, una vez declarada la emergencia sanitaria, \u00e9ste creci\u00f3 a\n340 mil, manteni\u00e9ndose en adelante un promedio de 300 mil reproducciones al\nmes, cifra que consolida a la plataforma web del Ministerio de las Culturas,\nlas Artes y el Patrimonio como uno de los panoramas virtuales favoritos de la\nciudadan\u00eda. <\/p>\n\n\n\n<p>\u201cEl explosivo crecimiento de\nvisualizaciones una vez declarada la pandemia y las m\u00e1s de 2.1 millones de\nreproducciones a menos de un mes de terminar el a\u00f1o, demuestran que todos los\nesfuerzos de Ondamedia por garantizar el acceso de la ciudadan\u00eda al cine\nchileno de manera gratuita superaron las expectativas. Son 560 cintas\ndisponibles, entre largo y cortometrajes de ficci\u00f3n y documental, con t\u00edtulos\nde renombre y otros m\u00e1s experimentales, que se suman a otros 700 contenidos\nmiscel\u00e1neos que convierten a esta plataforma en un espejo del audiovisual\nnacional\u201d, destaca la ministra de las Culturas, Consuelo Vald\u00e9s.<\/p>\n\n\n\n<p>Con m\u00e1s de mil horas de\nreproducci\u00f3n, Ondamedia cuenta con 1.253 contenidos: 302 largometrajes (206\nficci\u00f3n y 96 documentales) y 258 cortometrajes (88 ficci\u00f3n, 97 documental, 31\nanimaci\u00f3n y 42 experimental); equivalentes al 44% del material total, que\nincluye tambi\u00e9n otros 700 contenidos miscel\u00e1neos producidos por la plataforma, entre\nellos, registros de residencias art\u00edsticas, conversatorios o conferencias y series\ndocumentales. Adem\u00e1s, este a\u00f1o la plataforma exhibi\u00f3 tres festivales\nnacionales: Santiago Wild (septiembre), Chilemonos (octubre) y Cortos en Grande\n(noviembre). <\/p>\n\n\n\n<p>Ondamedia comenz\u00f3 el 2020 con 115\nmil usuarios registrados y actualmente cuenta con 236 mil. No obstante, la\ncifra no es representativa pues durante los meses de confinamiento el\nMinisterio de las Culturas liber\u00f3 el acceso (no era requisito estar inscrito).\nAhora nuevamente es obligatorio contar con una cuenta para reproducir los\ncontenidos. <\/p>\n\n\n\n<p><strong>OTRAS CIFRAS <\/strong><\/p>\n\n\n\n<p>Visitada en un 49% por hombres y\n46% por mujeres (el otro 5% se autodefine en la categor\u00eda otros), la plataforma\nsuma en diciembre nuevos t\u00edtulos a su cat\u00e1logo: Los estrenos 2020 \u201cAlgunas\nbestias\u201d, de Jorge Riquelme (viernes 4) y \u201cLa cordillera de los sue\u00f1os\u201d, de\nPatricio Guzm\u00e1n (viernes 11); ambas con 3.500 entradas disponibles (cada una),\na las que se agregan \u201cCr\u00f3nica de un comit\u00e9\u201d, de Carolina Adriazola y Jos\u00e9 Luis\nSep\u00falveda (mi\u00e9rcoles 9), \u201cTuristas\u201d, de Alicia Scherson (mi\u00e9rcoles 16) y \u201cLocaciones:\nBuscando a Rasty James\u201d, de Alberto Fuguet (mi\u00e9rcoles 23). <\/p>\n\n\n\n<p>En regiones, la Metropolitana\nconcentra el mayor n\u00famero de usuarios (55%), seguida por Valpara\u00edso (13%) y\nBiob\u00edo (9%). Magallanes, Arica y Parinacota, Tarapac\u00e1 y Atacama son las que\nregistran menor uso. El 68,2% de las visitas accede directamente a la p\u00e1gina,\nmientras que un 21,9% lo hace a trav\u00e9s de un buscador mediante palabras clave. <\/p>\n\n\n\n<p>Las pel\u00edculas m\u00e1s vistas de este\na\u00f1o son: \u201cEma\u201d, de Pablo Larra\u00edn (70.458 reproducciones); \u201cLemebel\u201d, de Joanna\nReposi (41.334); \u201cMala junta\u201d, de Claudia Huaiquimilla (35.131), \u201cY de pronto\namanecer\u201d, de Silvio Caiozzi (27.046) y \u201cChicago boys\u201d, de Carola Fuentes y Rafael\nValdeavellano (26.868).<\/p>\n\n\n\n<p>Entre los meses de agosto y\nnoviembre, la plataforma del Ministerio de las Culturas realiz\u00f3 &nbsp;#CineChilenoEnCasa, ciclo que pone a\ndisposici\u00f3n de los usuarios -cada semana- el debut gratuito de producciones\nlocales que este a\u00f1o ser\u00edan mostradas en salas comerciales e independientes del\npa\u00eds. Estos estrenos 2020 cuentan con un l\u00edmite de 3.500 entradas y de las 11\npel\u00edculas presentadas hasta el momento, cuatro registraron r\u00e9cord en sus visualizaciones:\n\u201cEl pr\u00edncipe\u201d, que alcanz\u00f3 a estar disponible por 36 horas; \u201cEl negro\u201d (48\nhoras), \u201cLos fuertes\u201d (cinco d\u00edas) y \u201cSumergida\u201d (dos semanas).<\/p>\n\n\n\n<p>Registro y\ncat\u00e1logo completo en <a href=\"http:\/\/www.ondamedia.cl\">www.ondamedia.cl<\/a>.\nLos contenidos est\u00e1n disponibles tambi\u00e9n para dispositivos m\u00f3viles con sistema Android\ne iOS, y en smartTV v\u00eda Chrome cast.<\/p>\n","protected":false},"excerpt":{"rendered":"<p>Hasta febrero de 2020, el promedio de consumo de cine chileno en Ondamedia era de 35 mil reproducciones mensuales. En marzo, una vez declarada la emergencia sanitaria, \u00e9ste creci\u00f3 a&#8230; <a class=\"read-more\" href=\"https:\/\/www.radiopresidenteibanez.cl\/web\/ondamedia-cierra-el-ano-con-2-1-millones-de-visualizaciones\/\">Leer m\u00e1s<\/a><\/p>\n","protected":false},"author":2,"featured_media":16818,"comment_status":"closed","ping_status":"closed","sticky":false,"template":"","format":"standard","meta":{"footnotes":""},"categories":[1],"tags":[],"class_list":["post-16817","post","type-post","status-publish","format-standard","has-post-thumbnail","hentry","category-cronica"],"_links":{"self":[{"href":"https:\/\/www.radiopresidenteibanez.cl\/web\/wp-json\/wp\/v2\/posts\/16817","targetHints":{"allow":["GET"]}}],"collection":[{"href":"https:\/\/www.radiopresidenteibanez.cl\/web\/wp-json\/wp\/v2\/posts"}],"about":[{"href":"https:\/\/www.radiopresidenteibanez.cl\/web\/wp-json\/wp\/v2\/types\/post"}],"author":[{"embeddable":true,"href":"https:\/\/www.radiopresidenteibanez.cl\/web\/wp-json\/wp\/v2\/users\/2"}],"replies":[{"embeddable":true,"href":"https:\/\/www.radiopresidenteibanez.cl\/web\/wp-json\/wp\/v2\/comments?post=16817"}],"version-history":[{"count":0,"href":"https:\/\/www.radiopresidenteibanez.cl\/web\/wp-json\/wp\/v2\/posts\/16817\/revisions"}],"wp:featuredmedia":[{"embeddable":true,"href":"https:\/\/www.radiopresidenteibanez.cl\/web\/wp-json\/wp\/v2\/media\/16818"}],"wp:attachment":[{"href":"https:\/\/www.radiopresidenteibanez.cl\/web\/wp-json\/wp\/v2\/media?parent=16817"}],"wp:term":[{"taxonomy":"category","embeddable":true,"href":"https:\/\/www.radiopresidenteibanez.cl\/web\/wp-json\/wp\/v2\/categories?post=16817"},{"taxonomy":"post_tag","embeddable":true,"href":"https:\/\/www.radiopresidenteibanez.cl\/web\/wp-json\/wp\/v2\/tags?post=16817"}],"curies":[{"name":"wp","href":"https:\/\/api.w.org\/{rel}","templated":true}]}}