{"id":16814,"date":"2020-12-10T02:30:00","date_gmt":"2020-12-10T02:30:00","guid":{"rendered":"https:\/\/www.radiopresidenteibanez.cl\/web\/?p=16814"},"modified":"2020-12-09T17:24:11","modified_gmt":"2020-12-09T17:24:11","slug":"jovenes-apoyan-retiro-de-cercos-en-cerro-castillo-para-proteger-al-huemul","status":"publish","type":"post","link":"https:\/\/www.radiopresidenteibanez.cl\/web\/jovenes-apoyan-retiro-de-cercos-en-cerro-castillo-para-proteger-al-huemul\/","title":{"rendered":"J\u00d3VENES APOYAN RETIRO DE CERCOS EN CERRO CASTILLO PARA PROTEGER AL HUEMUL"},"content":{"rendered":"\n<p>\u201cRemoci\u00f3n de Cercos: La\njuventud rescatando los huemules de Cerro Castillo\u201d fue el nombre de la\nactividad realizada el pasado s\u00e1bado en Cerro\nCastillo, regi\u00f3n de Ays\u00e9n, y que permiti\u00f3 que gracias al apoyo de 14\nvoluntarios se removieran parte de los cercos que separan el parque nacional\ncon el sector Las Horquetas, predio privado adquirido recientemente por\nTompkins Conservation Chile para la conservaci\u00f3n del huemul. La jornada cont\u00f3\ncon la participaci\u00f3n del seremi de Agricultura Felipe Henr\u00edquez Raglianti, el\ndirector de Rewilding de Tompkins Conservation Chile, Cristi\u00e1n Saucedo, Guardaparques de CONAF, y con la asistencia del Subsecretario de Medio\nAmbiente, Javier Naranjo Solano.<\/p>\n\n\n\n<p>Este\nhito, realizado en el contexto del d\u00eda internacional del voluntario, se enmarca\ndentro del ambicioso proyecto Corredor Nacional del Huemul, que busca promover\nla conservaci\u00f3n de esta ic\u00f3nica especie y su h\u00e1bitat en la Patagonia, a trav\u00e9s\ndel trabajo entre el sector p\u00fablico y privado. Al respecto Cristi\u00e1n\nSaucedo,&nbsp;destac\u00f3:&nbsp;\u201cEl Corredor Nacional del Huemul busca promover\niniciativas colaborativas que restituyan la conectividad perdida de las\nsubpoblaciones de huemul en las regiones de Los Lagos, Ays\u00e9n y Magallanes. La\nremoci\u00f3n de cercos en el sector es clave en este sentido, ya que permite reducir\nlesiones de huemules en los alambrados, adem\u00e1s del libre tr\u00e1nsito de grupos de\nhuemules entre el parque y Las Horquetas, \u00e1rea de invernada importante para la\nespecie. Alcanzar la conectividad\necol\u00f3gica del territorio es clave para la conservaci\u00f3n de la biodiversidad\u201d.<\/p>\n\n\n\n<p>Al\nrespecto de la actividad, el seremi de Agricultura se\u00f1al\u00f3: \u201cAgradecemos al equipo de j\u00f3venes voluntarios, los que\nparticiparon de manera alegre y comprometida con nuestra fauna nativa,\npermitiendo con su esfuerzo la rehabilitaci\u00f3n y restauraci\u00f3n del h\u00e1bitat del\nhuemul en el predio las Horquetas a cargo de la Fundaci\u00f3n Tompkins Conservation\nChile, el cual a\u00fan tiene varios kil\u00f3metros de cerco. Se logr\u00f3 avanzar en varios\ncientos de metros, retiramos los alambres, los postes, las varillas, las\ngrampas, recogimos basura y pudimos mejorar esta zona de tr\u00e1nsito de huemules,\ndisminuyendo las amenazas y mejorando paisaj\u00edsticamente el lugar.\u201d<\/p>\n\n\n\n<p>La\niniciativa cont\u00f3 con el apoyo del Injuv, entidad que convoc\u00f3 a los j\u00f3venes a\nparticipar de esta jornada en pos de la conservaci\u00f3n del huemul, y en los\npr\u00f3ximos meses se espera seguir con la labor de remoci\u00f3n de cercos para ayudar\na la conservaci\u00f3n de esta especie que se encuentra en peligro de extinci\u00f3n\ndebido a diversas amenazas asociadas a la p\u00e9rdida y fragmentaci\u00f3n de su\nh\u00e1bitat, presencia y enfermedades transmitidas por de ganado, ataques por\nperros, caza, entre otros.<\/p>\n","protected":false},"excerpt":{"rendered":"<p>\u201cRemoci\u00f3n de Cercos: La juventud rescatando los huemules de Cerro Castillo\u201d fue el nombre de la actividad realizada el pasado s\u00e1bado en Cerro Castillo, regi\u00f3n de Ays\u00e9n, y que permiti\u00f3&#8230; <a class=\"read-more\" href=\"https:\/\/www.radiopresidenteibanez.cl\/web\/jovenes-apoyan-retiro-de-cercos-en-cerro-castillo-para-proteger-al-huemul\/\">Leer m\u00e1s<\/a><\/p>\n","protected":false},"author":2,"featured_media":16815,"comment_status":"closed","ping_status":"closed","sticky":false,"template":"","format":"standard","meta":{"footnotes":""},"categories":[1],"tags":[],"class_list":["post-16814","post","type-post","status-publish","format-standard","has-post-thumbnail","hentry","category-cronica"],"_links":{"self":[{"href":"https:\/\/www.radiopresidenteibanez.cl\/web\/wp-json\/wp\/v2\/posts\/16814","targetHints":{"allow":["GET"]}}],"collection":[{"href":"https:\/\/www.radiopresidenteibanez.cl\/web\/wp-json\/wp\/v2\/posts"}],"about":[{"href":"https:\/\/www.radiopresidenteibanez.cl\/web\/wp-json\/wp\/v2\/types\/post"}],"author":[{"embeddable":true,"href":"https:\/\/www.radiopresidenteibanez.cl\/web\/wp-json\/wp\/v2\/users\/2"}],"replies":[{"embeddable":true,"href":"https:\/\/www.radiopresidenteibanez.cl\/web\/wp-json\/wp\/v2\/comments?post=16814"}],"version-history":[{"count":0,"href":"https:\/\/www.radiopresidenteibanez.cl\/web\/wp-json\/wp\/v2\/posts\/16814\/revisions"}],"wp:featuredmedia":[{"embeddable":true,"href":"https:\/\/www.radiopresidenteibanez.cl\/web\/wp-json\/wp\/v2\/media\/16815"}],"wp:attachment":[{"href":"https:\/\/www.radiopresidenteibanez.cl\/web\/wp-json\/wp\/v2\/media?parent=16814"}],"wp:term":[{"taxonomy":"category","embeddable":true,"href":"https:\/\/www.radiopresidenteibanez.cl\/web\/wp-json\/wp\/v2\/categories?post=16814"},{"taxonomy":"post_tag","embeddable":true,"href":"https:\/\/www.radiopresidenteibanez.cl\/web\/wp-json\/wp\/v2\/tags?post=16814"}],"curies":[{"name":"wp","href":"https:\/\/api.w.org\/{rel}","templated":true}]}}