{"id":16812,"date":"2020-12-09T17:17:05","date_gmt":"2020-12-09T17:17:05","guid":{"rendered":"https:\/\/www.radiopresidenteibanez.cl\/web\/?p=16812"},"modified":"2020-12-09T17:17:19","modified_gmt":"2020-12-09T17:17:19","slug":"a-un-ano-de-la-tragedia-familiares-aun-esperan-alguna-respuesta-algun-informe-oficial-por-parte-de-la-fuerza-aerea-de-chile","status":"publish","type":"post","link":"https:\/\/www.radiopresidenteibanez.cl\/web\/a-un-ano-de-la-tragedia-familiares-aun-esperan-alguna-respuesta-algun-informe-oficial-por-parte-de-la-fuerza-aerea-de-chile\/","title":{"rendered":"A UN A\u00d1O DE LA TRAGEDIA: FAMILIARES A\u00daN ESPERAN ALGUNA RESPUESTA ALG\u00daN INFORME OFICIAL POR PARTE DE LA FUERZA A\u00c9REA DE CHILE"},"content":{"rendered":"\n<p>Al cumplirse un a\u00f1o de la tragedia a\u00e9rea del H\u00e9rcules c-130\nque un d\u00eda 9 de diciembre del a\u00f1o 2019 se dirig\u00eda a la base a\u00e9rea frei en la\nant\u00e1rtica los familiares a\u00fan est\u00e1n esperando una respuesta oficial o un informe\nque indique lo que sucedi\u00f3 en esta tragedia<\/p>\n\n\n\n<p>En conversaci\u00f3n con Patricia Carrasco madre del Cabo primero\nChristopher Pacheco se\u00f1al\u00f3 que la instituci\u00f3n ha sido nula en el apoyo y\nsilenciosa en entregar informaci\u00f3n a las familias M\u00e1s all\u00e1 de lo poco que le\nhan hecho llegar al abogado querellante hay desconformidad y mucho dolor a\u00fan\npor lo sucedido dado que la instituci\u00f3n no ha querido hacerse parte de entregar\ninformaci\u00f3n oficial ni siquiera de seguir realizando la b\u00fasqueda de los cuerpos\nno encontrados O al menos de buscar o encontrar alguna parte del avi\u00f3n para\npoder realizar un an\u00e1lisis<\/p>\n\n\n\n<p>No se puede entender como generales que pueden haber tenido\nalg\u00fan tipo de responsabilidad en la teorizaci\u00f3n del vuelo hayan sido dado de\nbaja o hayan sido llamado a retiro sin ninguna investigaci\u00f3n por parte de la instituci\u00f3n\nde esa manera se demuestra el poco apoyo del gobierno que hemos tenido ante\nesta situaci\u00f3n los representantes de los 38 fallecidos en el accidente Patricia\nCarrasco indic\u00f3 tambi\u00e9n que hay mucho dolor a\u00fan.<\/p>\n\n\n\n<p>Los familiares esperan con el tiempo poder tener una respuesta Clara por parte de la instituci\u00f3n a pesar de lo nulo que ha sido hasta ahora la recepcion de respuestas ante las diversas consultas realizadas<\/p>\n\n\n\n<p><\/p>\n\n\n\n<p>DMG.<\/p>\n","protected":false},"excerpt":{"rendered":"<p>Al cumplirse un a\u00f1o de la tragedia a\u00e9rea del H\u00e9rcules c-130 que un d\u00eda 9 de diciembre del a\u00f1o 2019 se dirig\u00eda a la base a\u00e9rea frei en la ant\u00e1rtica&#8230; <a class=\"read-more\" href=\"https:\/\/www.radiopresidenteibanez.cl\/web\/a-un-ano-de-la-tragedia-familiares-aun-esperan-alguna-respuesta-algun-informe-oficial-por-parte-de-la-fuerza-aerea-de-chile\/\">Leer m\u00e1s<\/a><\/p>\n","protected":false},"author":2,"featured_media":15075,"comment_status":"closed","ping_status":"closed","sticky":false,"template":"","format":"standard","meta":{"footnotes":""},"categories":[1],"tags":[],"class_list":["post-16812","post","type-post","status-publish","format-standard","has-post-thumbnail","hentry","category-cronica"],"_links":{"self":[{"href":"https:\/\/www.radiopresidenteibanez.cl\/web\/wp-json\/wp\/v2\/posts\/16812","targetHints":{"allow":["GET"]}}],"collection":[{"href":"https:\/\/www.radiopresidenteibanez.cl\/web\/wp-json\/wp\/v2\/posts"}],"about":[{"href":"https:\/\/www.radiopresidenteibanez.cl\/web\/wp-json\/wp\/v2\/types\/post"}],"author":[{"embeddable":true,"href":"https:\/\/www.radiopresidenteibanez.cl\/web\/wp-json\/wp\/v2\/users\/2"}],"replies":[{"embeddable":true,"href":"https:\/\/www.radiopresidenteibanez.cl\/web\/wp-json\/wp\/v2\/comments?post=16812"}],"version-history":[{"count":0,"href":"https:\/\/www.radiopresidenteibanez.cl\/web\/wp-json\/wp\/v2\/posts\/16812\/revisions"}],"wp:featuredmedia":[{"embeddable":true,"href":"https:\/\/www.radiopresidenteibanez.cl\/web\/wp-json\/wp\/v2\/media\/15075"}],"wp:attachment":[{"href":"https:\/\/www.radiopresidenteibanez.cl\/web\/wp-json\/wp\/v2\/media?parent=16812"}],"wp:term":[{"taxonomy":"category","embeddable":true,"href":"https:\/\/www.radiopresidenteibanez.cl\/web\/wp-json\/wp\/v2\/categories?post=16812"},{"taxonomy":"post_tag","embeddable":true,"href":"https:\/\/www.radiopresidenteibanez.cl\/web\/wp-json\/wp\/v2\/tags?post=16812"}],"curies":[{"name":"wp","href":"https:\/\/api.w.org\/{rel}","templated":true}]}}