{"id":16810,"date":"2020-12-10T02:15:00","date_gmt":"2020-12-10T02:15:00","guid":{"rendered":"https:\/\/www.radiopresidenteibanez.cl\/web\/?p=16810"},"modified":"2020-12-09T17:14:26","modified_gmt":"2020-12-09T17:14:26","slug":"presidente-pinera-valora-inversion-en-nuevos-data-centers-en-chile-va-a-significar-un-gran-impulso-al-desarrollo-de-nuestra-economia-y-a-la-creacion-de-oportunidades","status":"publish","type":"post","link":"https:\/\/www.radiopresidenteibanez.cl\/web\/presidente-pinera-valora-inversion-en-nuevos-data-centers-en-chile-va-a-significar-un-gran-impulso-al-desarrollo-de-nuestra-economia-y-a-la-creacion-de-oportunidades\/","title":{"rendered":"PRESIDENTE PI\u00d1ERA VALORA INVERSI\u00d3N EN NUEVOS DATA CENTERS EN CHILE: \u201cVA A SIGNIFICAR UN GRAN IMPULSO AL DESARROLLO DE NUESTRA ECONOM\u00cdA Y A LA CREACI\u00d3N DE OPORTUNIDADES\u201d"},"content":{"rendered":"\n<p>\n\nEl Presidente de la Rep\u00fablica, Sebasti\u00e1n Pi\u00f1era, encabez\u00f3 este mi\u00e9rcoles el anuncio de la mayor inversi\u00f3n de Microsoft en Chile, que incluye la construcci\u00f3n de datacenters de la compa\u00f1\u00eda en el pa\u00eds, y que impulsar\u00e1 la actividad econ\u00f3mica y el empleo.<\/p>\n\n\n\n<p>El Mandatario asisti\u00f3 en el Palacio de La Moneda al lanzamiento del plan \u201cTransfrorma Chile\u201d, que contempla la creaci\u00f3n de la primera regi\u00f3n de datacenters de Microsoft en Chile, un nuevo programa de capacitaciones gratuitas para brindar a m\u00e1s de 180.000 personas habilidades digitales que les permitan conseguir un empleo de calidad; la creaci\u00f3n de un consejo asesor con articulaci\u00f3n p\u00fablico-privada y de la academia para que la Inteligencia Artificial impulse el desarrollo econ\u00f3mico del pa\u00eds en forma inclusiva; y una alianza con el Observatorio Europeo Austral (ESO) para apoyar el desarrollo de la investigaci\u00f3n y la ciencia astron\u00f3mica en el pa\u00eds.<\/p>\n\n\n\n<p>\u201cEs una buena noticia, no s\u00f3lo por el impacto econ\u00f3mico y sobre el empleo, sino que porque significa un enorme aporte a que Chile se ponga al d\u00eda, recupere el tiempo perdido y se suba y abrace esta revoluci\u00f3n tecnol\u00f3gica y digital que est\u00e1 cambiando para mejor nuestras vidas\u201d, dijo el Mandatario en una ceremonia en la que particip\u00f3, desde Estados Unidos y v\u00eda telem\u00e1tica el presidente ejecutivo de Microsoft, Brad Smith.<\/p>\n\n\n\n<p>Microsoft, sus socios locales y los clientes que usen la nube generar\u00e1n juntos alrededor de US$11.300 millones en nuevos ingresos, mientras que se generar\u00e1n 51 mil puestos de trabajo, directos e indirectos, de los cuales 9 mil ser\u00e1n empleos especializados en tecnolog\u00edas de la informaci\u00f3n.<\/p>\n\n\n\n<p>\u201cEs una inversi\u00f3n que por las caracter\u00edsticas y los objetivos va a significar un gran impulso al desarrollo de nuestra econom\u00eda, a la creaci\u00f3n de oportunidades\u201d, dijo el Jefe de Estado, quien estuvo acompa\u00f1ado por los ministros de Hacienda, Ignacio Briones; de Econom\u00eda, Lucas Palacios; y de Educaci\u00f3n, Ra\u00fal Figueroa.<\/p>\n\n\n\n<p>\u201cNo hay ninguna empresa, por peque\u00f1a que sea, no hay ninguna chilena o chileno, cualquiera sea su calificaci\u00f3n, que no pueda incorporarse a esta nueva sociedad y el Estado est\u00e1 comprometido con acompa\u00f1ar, ayudar, apoyar y capacitar a todos y cada uno, que es parte del esfuerzo que estamos haciendo en el cambio de la mentalidad y en entregar los instrumentos que son el mejor camino para igualar oportunidades\u201d, declar\u00f3 el Presidente.\n\n<\/p>\n","protected":false},"excerpt":{"rendered":"<p>El Presidente de la Rep\u00fablica, Sebasti\u00e1n Pi\u00f1era, encabez\u00f3 este mi\u00e9rcoles el anuncio de la mayor inversi\u00f3n de Microsoft en Chile, que incluye la construcci\u00f3n de datacenters de la compa\u00f1\u00eda en&#8230; <a class=\"read-more\" href=\"https:\/\/www.radiopresidenteibanez.cl\/web\/presidente-pinera-valora-inversion-en-nuevos-data-centers-en-chile-va-a-significar-un-gran-impulso-al-desarrollo-de-nuestra-economia-y-a-la-creacion-de-oportunidades\/\">Leer m\u00e1s<\/a><\/p>\n","protected":false},"author":2,"featured_media":385,"comment_status":"closed","ping_status":"closed","sticky":false,"template":"","format":"standard","meta":{"footnotes":""},"categories":[1],"tags":[],"class_list":["post-16810","post","type-post","status-publish","format-standard","has-post-thumbnail","hentry","category-cronica"],"_links":{"self":[{"href":"https:\/\/www.radiopresidenteibanez.cl\/web\/wp-json\/wp\/v2\/posts\/16810","targetHints":{"allow":["GET"]}}],"collection":[{"href":"https:\/\/www.radiopresidenteibanez.cl\/web\/wp-json\/wp\/v2\/posts"}],"about":[{"href":"https:\/\/www.radiopresidenteibanez.cl\/web\/wp-json\/wp\/v2\/types\/post"}],"author":[{"embeddable":true,"href":"https:\/\/www.radiopresidenteibanez.cl\/web\/wp-json\/wp\/v2\/users\/2"}],"replies":[{"embeddable":true,"href":"https:\/\/www.radiopresidenteibanez.cl\/web\/wp-json\/wp\/v2\/comments?post=16810"}],"version-history":[{"count":0,"href":"https:\/\/www.radiopresidenteibanez.cl\/web\/wp-json\/wp\/v2\/posts\/16810\/revisions"}],"wp:featuredmedia":[{"embeddable":true,"href":"https:\/\/www.radiopresidenteibanez.cl\/web\/wp-json\/wp\/v2\/media\/385"}],"wp:attachment":[{"href":"https:\/\/www.radiopresidenteibanez.cl\/web\/wp-json\/wp\/v2\/media?parent=16810"}],"wp:term":[{"taxonomy":"category","embeddable":true,"href":"https:\/\/www.radiopresidenteibanez.cl\/web\/wp-json\/wp\/v2\/categories?post=16810"},{"taxonomy":"post_tag","embeddable":true,"href":"https:\/\/www.radiopresidenteibanez.cl\/web\/wp-json\/wp\/v2\/tags?post=16810"}],"curies":[{"name":"wp","href":"https:\/\/api.w.org\/{rel}","templated":true}]}}