{"id":16801,"date":"2020-12-09T14:13:40","date_gmt":"2020-12-09T14:13:40","guid":{"rendered":"https:\/\/www.radiopresidenteibanez.cl\/web\/?p=16801"},"modified":"2020-12-09T14:13:45","modified_gmt":"2020-12-09T14:13:45","slug":"autoridades-anuncian-la-construccion-de-un-nuevo-condominio-de-viviendas-tuteladas-en-natales","status":"publish","type":"post","link":"https:\/\/www.radiopresidenteibanez.cl\/web\/autoridades-anuncian-la-construccion-de-un-nuevo-condominio-de-viviendas-tuteladas-en-natales\/","title":{"rendered":"AUTORIDADES ANUNCIAN LA CONSTRUCCI\u00d3N DE UN NUEVO CONDOMINIO DE VIVIENDAS TUTELADAS EN NATALES"},"content":{"rendered":"\n<p><a>Como parte de los anuncios de obras de construcci\u00f3n que ya comenzaron\na ejecutarse y otras que comenzar\u00e1n prontamente su construcci\u00f3n, fue que el\ngobernador de la provincia de \u00daltima Esperanza, Ra\u00fal Suazo, junto a la jefa\nprovincial de Serviu, Carolina Prat, comunicaron que en Puerto Natales, se\nconstruir\u00e1 un nuevo Condominio de Viviendas Tuteladas (CVT) para adultos\nmayores.<\/a><\/p>\n\n\n\n<p>Respecto a este anuncio, el gobernador Ra\u00fal Suazo\nse\u00f1al\u00f3 que \u201chemos conocido una noticia muy importante para Natales, que tiene que ver\ncon la construcci\u00f3n de un nuevo Condominio de Viviendas Tuteladas (CVT) que ya\nest\u00e1 adjudicado, la empresa que lo va a construir es Salfa. Queremos destacar\nla construcci\u00f3n de estas 20 viviendas tuteladas porque sabemos que es una\nnecesidad muy sentida en Natales, y por lo mismo, esto es algo que nos tiene muy\ncontentos\u201d.<\/p>\n\n\n\n<p>En cuanto a los detalles de la construcci\u00f3n, la jefa\nprovincial de Serviu, Carolina Prat, destac\u00f3 que \u201clos montos de inversi\u00f3n de las 20\nviviendas tuteladas ascienden a los 1.530 millones de pesos\u201d, adem\u00e1s agreg\u00f3 que\n\u201cEl plazo de ejecuci\u00f3n es de 420 d\u00edas, por lo tanto, tenemos una entrega\naproximada de entre junio y julio de 2022\u201d.<\/p>\n\n\n\n<p>El proyecto se emplazar\u00e1 en la zona norponiente, en Av. \u00daltima Esperanza entre Av.\nEspa\u00f1a y calle Rub\u00e9n Dar\u00edo, en el sector ubicado detr\u00e1s del hospital; y\nconsiste en la construcci\u00f3n de 20 viviendas con una superficie de 34,89 m2 y 41\nm2, tambi\u00e9n contempla la construcci\u00f3n de una sede social de 192,87 m2.<\/p>\n\n\n\n<p>Este proyecto se suma a otros que ya\nest\u00e1n en ejecuci\u00f3n en Natales como los de Centenario y Kajeco, que de acuerdo a\nlos plazos estipulados, se estima que puedan ser entregados en fechas similares\nel a\u00f1o 2022.<\/p>\n","protected":false},"excerpt":{"rendered":"<p>Como parte de los anuncios de obras de construcci\u00f3n que ya comenzaron a ejecutarse y otras que comenzar\u00e1n prontamente su construcci\u00f3n, fue que el gobernador de la provincia de \u00daltima&#8230; <a class=\"read-more\" href=\"https:\/\/www.radiopresidenteibanez.cl\/web\/autoridades-anuncian-la-construccion-de-un-nuevo-condominio-de-viviendas-tuteladas-en-natales\/\">Leer m\u00e1s<\/a><\/p>\n","protected":false},"author":2,"featured_media":16802,"comment_status":"closed","ping_status":"closed","sticky":false,"template":"","format":"standard","meta":{"footnotes":""},"categories":[1],"tags":[],"class_list":["post-16801","post","type-post","status-publish","format-standard","has-post-thumbnail","hentry","category-cronica"],"_links":{"self":[{"href":"https:\/\/www.radiopresidenteibanez.cl\/web\/wp-json\/wp\/v2\/posts\/16801","targetHints":{"allow":["GET"]}}],"collection":[{"href":"https:\/\/www.radiopresidenteibanez.cl\/web\/wp-json\/wp\/v2\/posts"}],"about":[{"href":"https:\/\/www.radiopresidenteibanez.cl\/web\/wp-json\/wp\/v2\/types\/post"}],"author":[{"embeddable":true,"href":"https:\/\/www.radiopresidenteibanez.cl\/web\/wp-json\/wp\/v2\/users\/2"}],"replies":[{"embeddable":true,"href":"https:\/\/www.radiopresidenteibanez.cl\/web\/wp-json\/wp\/v2\/comments?post=16801"}],"version-history":[{"count":0,"href":"https:\/\/www.radiopresidenteibanez.cl\/web\/wp-json\/wp\/v2\/posts\/16801\/revisions"}],"wp:featuredmedia":[{"embeddable":true,"href":"https:\/\/www.radiopresidenteibanez.cl\/web\/wp-json\/wp\/v2\/media\/16802"}],"wp:attachment":[{"href":"https:\/\/www.radiopresidenteibanez.cl\/web\/wp-json\/wp\/v2\/media?parent=16801"}],"wp:term":[{"taxonomy":"category","embeddable":true,"href":"https:\/\/www.radiopresidenteibanez.cl\/web\/wp-json\/wp\/v2\/categories?post=16801"},{"taxonomy":"post_tag","embeddable":true,"href":"https:\/\/www.radiopresidenteibanez.cl\/web\/wp-json\/wp\/v2\/tags?post=16801"}],"curies":[{"name":"wp","href":"https:\/\/api.w.org\/{rel}","templated":true}]}}